{"id":4363,"date":"2022-12-11T18:52:06","date_gmt":"2022-12-11T21:52:06","guid":{"rendered":"http:\/\/cultura.sma.gob.ar\/?p=4363"},"modified":"2022-12-11T19:00:25","modified_gmt":"2022-12-11T22:00:25","slug":"reunion-con-artistas-callejeros-residente-por-uso-plaza-san-martin-en-enero-2023","status":"publish","type":"post","link":"https:\/\/cultura.sma.gob.ar\/?p=4363","title":{"rendered":"Reuni\u00f3n con artistas callejeros residentes por uso plaza San Mart\u00edn en enero 2023"},"content":{"rendered":"\n<figure class=\"wp-block-image size-large\"><img decoding=\"async\" src=\"https:\/\/scontent.fcpc1-1.fna.fbcdn.net\/v\/t39.30808-6\/318336268_5687541567996447_5635210130840729631_n.jpg?stp=dst-jpg_p526x296&amp;_nc_cat=111&amp;ccb=1-7&amp;_nc_sid=8bfeb9&amp;_nc_eui2=AeGfOU7pdvTXpSHGQg8qh8aPPjLJJkcmc8I-MskmRyZzwrN67QIspyZDEurDyxi8FC4zKhqvF-GJVGqk4lYmhNRq&amp;_nc_ohc=D0JY0AxFfZUAX98Voit&amp;_nc_ht=scontent.fcpc1-1.fna&amp;oh=00_AfBuLE1Jq5aDrkOjeVTh94CiTMEJGy7TY7j_TvssZonIpQ&amp;oe=639B67F9\" alt=\"\"\/><\/figure>\n\n\n\n<p><\/p>\n\n\n\n<p>La Secretar\u00eda de Cultura convoca a los artistas residentes que deseen hacer presentaciones de arte callejero en la plaza San Mart\u00edn, todos los d\u00edas de enero, a una reuni\u00f3n que se llevar\u00e1 a cabo en la Secretar\u00eda de Cultura (Drury 665) el d\u00eda viernes 16 de diciembre, a las 12:30 hs.<\/p>\n\n\n\n<p>Esta reuni\u00f3n tiene como objeto organizar equitativamente la distribuci\u00f3n de horarios en la plaza San Mart\u00edn. <\/p>\n\n\n\n<p>Est\u00e1 destinada a las compa\u00f1\u00edas circenses y a los grupos art\u00edsticos de cuatro \u00f3 m\u00e1s personas que manifiesten su compromiso de participar todos los d\u00edas del mes.<\/p>\n","protected":false},"excerpt":{"rendered":"<p>La Secretar\u00eda de Cultura convoca a los artistas residentes que deseen hacer presentaciones de arte callejero en la plaza San Mart\u00edn, todos los d\u00edas de enero, a una reuni\u00f3n que se llevar\u00e1 a cabo en la Secretar\u00eda de Cultura (Drury 665) el d\u00eda viernes 16 de diciembre, a las 12:30 hs. Esta reuni\u00f3n tiene como objeto organizar equitativamente la distribuci\u00f3n de horarios en la plaza &hellip; <a href=\"https:\/\/cultura.sma.gob.ar\/?p=4363\" class=\"more-link\">Continue reading <span class=\"screen-reader-text\">Reuni\u00f3n con artistas callejeros residentes por uso plaza San Mart\u00edn en enero 2023<\/span><\/a><\/p>\n","protected":false},"author":1,"featured_media":293,"comment_status":"closed","ping_status":"","sticky":false,"template":"","format":"image","meta":{"footnotes":""},"categories":[3,8,9],"tags":[],"class_list":["post-4363","post","type-post","status-publish","format-image","has-post-thumbnail","hentry","category-eventos-cultura","category-teatro-san-jose","category-ultimas-noticias","post_format-post-format-image"],"_links":{"self":[{"href":"https:\/\/cultura.sma.gob.ar\/index.php?rest_route=\/wp\/v2\/posts\/4363","targetHints":{"allow":["GET"]}}],"collection":[{"href":"https:\/\/cultura.sma.gob.ar\/index.php?rest_route=\/wp\/v2\/posts"}],"about":[{"href":"https:\/\/cultura.sma.gob.ar\/index.php?rest_route=\/wp\/v2\/types\/post"}],"author":[{"embeddable":true,"href":"https:\/\/cultura.sma.gob.ar\/index.php?rest_route=\/wp\/v2\/users\/1"}],"replies":[{"embeddable":true,"href":"https:\/\/cultura.sma.gob.ar\/index.php?rest_route=%2Fwp%2Fv2%2Fcomments&post=4363"}],"version-history":[{"count":2,"href":"https:\/\/cultura.sma.gob.ar\/index.php?rest_route=\/wp\/v2\/posts\/4363\/revisions"}],"predecessor-version":[{"id":4366,"href":"https:\/\/cultura.sma.gob.ar\/index.php?rest_route=\/wp\/v2\/posts\/4363\/revisions\/4366"}],"wp:featuredmedia":[{"embeddable":true,"href":"https:\/\/cultura.sma.gob.ar\/index.php?rest_route=\/wp\/v2\/media\/293"}],"wp:attachment":[{"href":"https:\/\/cultura.sma.gob.ar\/index.php?rest_route=%2Fwp%2Fv2%2Fmedia&parent=4363"}],"wp:term":[{"taxonomy":"category","embeddable":true,"href":"https:\/\/cultura.sma.gob.ar\/index.php?rest_route=%2Fwp%2Fv2%2Fcategories&post=4363"},{"taxonomy":"post_tag","embeddable":true,"href":"https:\/\/cultura.sma.gob.ar\/index.php?rest_route=%2Fwp%2Fv2%2Ftags&post=4363"}],"curies":[{"name":"wp","href":"https:\/\/api.w.org\/{rel}","templated":true}]}}