{"id":4359,"date":"2022-12-11T18:48:51","date_gmt":"2022-12-11T21:48:51","guid":{"rendered":"http:\/\/cultura.sma.gob.ar\/?p=4359"},"modified":"2022-12-11T18:48:51","modified_gmt":"2022-12-11T21:48:51","slug":"exposicion-del-taller-de-acciones-creativas-en-la-sala-gunther-blaas","status":"publish","type":"post","link":"https:\/\/cultura.sma.gob.ar\/?p=4359","title":{"rendered":"Exposici\u00f3n del taller de &#8221;Acciones Creativas&#8221; en la Sala G\u00fcnther Blaas"},"content":{"rendered":"\n<figure class=\"wp-block-image size-large\"><img loading=\"lazy\" decoding=\"async\" width=\"940\" height=\"788\" src=\"http:\/\/cultura.sma.gob.ar\/wp-content\/uploads\/2022\/12\/Flyer-Muestra.jpg\" alt=\"\" class=\"wp-image-4360\" srcset=\"https:\/\/cultura.sma.gob.ar\/wp-content\/uploads\/2022\/12\/Flyer-Muestra.jpg 940w, https:\/\/cultura.sma.gob.ar\/wp-content\/uploads\/2022\/12\/Flyer-Muestra-300x251.jpg 300w, https:\/\/cultura.sma.gob.ar\/wp-content\/uploads\/2022\/12\/Flyer-Muestra-768x644.jpg 768w, https:\/\/cultura.sma.gob.ar\/wp-content\/uploads\/2022\/12\/Flyer-Muestra-107x90.jpg 107w\" sizes=\"auto, (max-width: 940px) 100vw, 940px\" \/><\/figure>\n\n\n\n<p>El pr\u00f3ximo mi\u00e9rcoles, 14 de diciembre a las 19:30hs, en nuestra querida Sala Amankay, llega la gran inauguraci\u00f3n de la \u201cEXPOSICI\u00d3N DEL TALLER DE ACCIONES CREATIVAS\u201d dictado por Gabriel Chamorro.<\/p>\n\n\n\n<p>\u201cEn esta muestra los queremos hacer part\u00edcipes de nuestros trabajos y aprendizajes a trav\u00e9s del dibujo, el color y sus t\u00e9cnicas\u201d.<\/p>\n\n\n\n<p>Van a poder apreciar obras en diversos formatos y soportes realizadas con:<br>l\u00e1pices graduables, l\u00e1pices de colores, l\u00e1pices acuarela, carbonilla, tinta china, crayones, pasteles al \u00f3leo, tiza, acr\u00edlico, acuarelas, temperas con yema de huevo y \u00f3leos.<br>La Muestra podr\u00e1 visitarse hasta el viernes 23 de diciembre inclusive.<\/p>\n\n\n\n<p>Contacto Gabriel Chamorro: +54 9 2944 28-3917<\/p>\n","protected":false},"excerpt":{"rendered":"<p>El pr\u00f3ximo mi\u00e9rcoles, 14 de diciembre a las 19:30hs, en nuestra querida Sala Amankay, llega la gran inauguraci\u00f3n de la \u201cEXPOSICI\u00d3N DEL TALLER DE ACCIONES CREATIVAS\u201d dictado por Gabriel Chamorro. \u201cEn esta muestra los queremos hacer part\u00edcipes de nuestros trabajos y aprendizajes a trav\u00e9s del dibujo, el color y sus t\u00e9cnicas\u201d. Van a poder apreciar obras en diversos formatos y soportes realizadas con:l\u00e1pices graduables, l\u00e1pices &hellip; <a href=\"https:\/\/cultura.sma.gob.ar\/?p=4359\" class=\"more-link\">Continue reading <span class=\"screen-reader-text\">Exposici\u00f3n del taller de &#8221;Acciones Creativas&#8221; en la Sala G\u00fcnther Blaas<\/span><\/a><\/p>\n","protected":false},"author":1,"featured_media":297,"comment_status":"closed","ping_status":"","sticky":false,"template":"","format":"image","meta":{"footnotes":""},"categories":[2,9],"tags":[],"class_list":["post-4359","post","type-post","status-publish","format-image","has-post-thumbnail","hentry","category-ciudad-cultural","category-ultimas-noticias","post_format-post-format-image"],"_links":{"self":[{"href":"https:\/\/cultura.sma.gob.ar\/index.php?rest_route=\/wp\/v2\/posts\/4359","targetHints":{"allow":["GET"]}}],"collection":[{"href":"https:\/\/cultura.sma.gob.ar\/index.php?rest_route=\/wp\/v2\/posts"}],"about":[{"href":"https:\/\/cultura.sma.gob.ar\/index.php?rest_route=\/wp\/v2\/types\/post"}],"author":[{"embeddable":true,"href":"https:\/\/cultura.sma.gob.ar\/index.php?rest_route=\/wp\/v2\/users\/1"}],"replies":[{"embeddable":true,"href":"https:\/\/cultura.sma.gob.ar\/index.php?rest_route=%2Fwp%2Fv2%2Fcomments&post=4359"}],"version-history":[{"count":1,"href":"https:\/\/cultura.sma.gob.ar\/index.php?rest_route=\/wp\/v2\/posts\/4359\/revisions"}],"predecessor-version":[{"id":4361,"href":"https:\/\/cultura.sma.gob.ar\/index.php?rest_route=\/wp\/v2\/posts\/4359\/revisions\/4361"}],"wp:featuredmedia":[{"embeddable":true,"href":"https:\/\/cultura.sma.gob.ar\/index.php?rest_route=\/wp\/v2\/media\/297"}],"wp:attachment":[{"href":"https:\/\/cultura.sma.gob.ar\/index.php?rest_route=%2Fwp%2Fv2%2Fmedia&parent=4359"}],"wp:term":[{"taxonomy":"category","embeddable":true,"href":"https:\/\/cultura.sma.gob.ar\/index.php?rest_route=%2Fwp%2Fv2%2Fcategories&post=4359"},{"taxonomy":"post_tag","embeddable":true,"href":"https:\/\/cultura.sma.gob.ar\/index.php?rest_route=%2Fwp%2Fv2%2Ftags&post=4359"}],"curies":[{"name":"wp","href":"https:\/\/api.w.org\/{rel}","templated":true}]}}