{"id":4355,"date":"2022-12-11T18:46:03","date_gmt":"2022-12-11T21:46:03","guid":{"rendered":"http:\/\/cultura.sma.gob.ar\/?p=4355"},"modified":"2022-12-11T18:46:03","modified_gmt":"2022-12-11T21:46:03","slug":"muestra-de-la-academia-de-danzas-fusionadas-shams","status":"publish","type":"post","link":"https:\/\/cultura.sma.gob.ar\/?p=4355","title":{"rendered":"Muestra de la Academia de Danzas Fusionadas SHAMS"},"content":{"rendered":"\n<figure class=\"wp-block-image size-large\"><img loading=\"lazy\" decoding=\"async\" width=\"530\" height=\"750\" src=\"http:\/\/cultura.sma.gob.ar\/wp-content\/uploads\/2022\/12\/Flyer-Shams-web.jpg\" alt=\"\" class=\"wp-image-4356\" srcset=\"https:\/\/cultura.sma.gob.ar\/wp-content\/uploads\/2022\/12\/Flyer-Shams-web.jpg 530w, https:\/\/cultura.sma.gob.ar\/wp-content\/uploads\/2022\/12\/Flyer-Shams-web-212x300.jpg 212w, https:\/\/cultura.sma.gob.ar\/wp-content\/uploads\/2022\/12\/Flyer-Shams-web-64x90.jpg 64w\" sizes=\"auto, (max-width: 530px) 100vw, 530px\" \/><\/figure>\n\n\n\n<p>El pr\u00f3ximo domingo, 18 de diciembre, a las 19hs, en nuestra querida Sala Amankay, llega una nueva Muestra de Fin de A\u00f1o de la \u201cACADEMIA DE DANZAS FUSIONADAS SHAMS\u201d.<\/p>\n\n\n\n<p>Una nueva oportunidad de cerrar el ciclo con este hermoso encuentro para mostrar todo lo aprendido.<br>Este proyecto ha sido logrado gracias a las estudiantes que participan y se comprometen como as\u00ed tambi\u00e9n a la convicci\u00f3n y de dedicaci\u00f3n de la coordinadora Srta. Lili Vargas.&nbsp;<\/p>\n\n\n\n<p>En esta oportunidad, acompa\u00f1ar\u00e1n la presentaci\u00f3n los estudiantes de Puentes de Luz y la Academia de Danza \u00c1rabe &#8220;Sarem&#8221; de San Carlos de Bariloche.&nbsp;<\/p>\n\n\n\n<p>Entrada General $1.000.- En venta en la boleteria del Centro Cultural.<\/p>\n","protected":false},"excerpt":{"rendered":"<p>El pr\u00f3ximo domingo, 18 de diciembre, a las 19hs, en nuestra querida Sala Amankay, llega una nueva Muestra de Fin de A\u00f1o de la \u201cACADEMIA DE DANZAS FUSIONADAS SHAMS\u201d. Una nueva oportunidad de cerrar el ciclo con este hermoso encuentro para mostrar todo lo aprendido.Este proyecto ha sido logrado gracias a las estudiantes que participan y se comprometen como as\u00ed tambi\u00e9n a la convicci\u00f3n y &hellip; <a href=\"https:\/\/cultura.sma.gob.ar\/?p=4355\" class=\"more-link\">Continue reading <span class=\"screen-reader-text\">Muestra de la Academia de Danzas Fusionadas SHAMS<\/span><\/a><\/p>\n","protected":false},"author":1,"featured_media":297,"comment_status":"closed","ping_status":"","sticky":false,"template":"","format":"image","meta":{"footnotes":""},"categories":[2,9],"tags":[],"class_list":["post-4355","post","type-post","status-publish","format-image","has-post-thumbnail","hentry","category-ciudad-cultural","category-ultimas-noticias","post_format-post-format-image"],"_links":{"self":[{"href":"https:\/\/cultura.sma.gob.ar\/index.php?rest_route=\/wp\/v2\/posts\/4355","targetHints":{"allow":["GET"]}}],"collection":[{"href":"https:\/\/cultura.sma.gob.ar\/index.php?rest_route=\/wp\/v2\/posts"}],"about":[{"href":"https:\/\/cultura.sma.gob.ar\/index.php?rest_route=\/wp\/v2\/types\/post"}],"author":[{"embeddable":true,"href":"https:\/\/cultura.sma.gob.ar\/index.php?rest_route=\/wp\/v2\/users\/1"}],"replies":[{"embeddable":true,"href":"https:\/\/cultura.sma.gob.ar\/index.php?rest_route=%2Fwp%2Fv2%2Fcomments&post=4355"}],"version-history":[{"count":1,"href":"https:\/\/cultura.sma.gob.ar\/index.php?rest_route=\/wp\/v2\/posts\/4355\/revisions"}],"predecessor-version":[{"id":4357,"href":"https:\/\/cultura.sma.gob.ar\/index.php?rest_route=\/wp\/v2\/posts\/4355\/revisions\/4357"}],"wp:featuredmedia":[{"embeddable":true,"href":"https:\/\/cultura.sma.gob.ar\/index.php?rest_route=\/wp\/v2\/media\/297"}],"wp:attachment":[{"href":"https:\/\/cultura.sma.gob.ar\/index.php?rest_route=%2Fwp%2Fv2%2Fmedia&parent=4355"}],"wp:term":[{"taxonomy":"category","embeddable":true,"href":"https:\/\/cultura.sma.gob.ar\/index.php?rest_route=%2Fwp%2Fv2%2Fcategories&post=4355"},{"taxonomy":"post_tag","embeddable":true,"href":"https:\/\/cultura.sma.gob.ar\/index.php?rest_route=%2Fwp%2Fv2%2Ftags&post=4355"}],"curies":[{"name":"wp","href":"https:\/\/api.w.org\/{rel}","templated":true}]}}