{"id":4351,"date":"2022-12-11T18:43:46","date_gmt":"2022-12-11T21:43:46","guid":{"rendered":"http:\/\/cultura.sma.gob.ar\/?p=4351"},"modified":"2022-12-11T18:43:46","modified_gmt":"2022-12-11T21:43:46","slug":"muestra-anual-el-show-de-jazz-swing-tap-en-la-sala-amankay","status":"publish","type":"post","link":"https:\/\/cultura.sma.gob.ar\/?p=4351","title":{"rendered":"Muestra Anual &#8220;El Show&#8221; de Jazz Swing Tap en la Sala Amankay"},"content":{"rendered":"\n<figure class=\"wp-block-image size-large\"><img loading=\"lazy\" decoding=\"async\" width=\"1024\" height=\"1024\" src=\"http:\/\/cultura.sma.gob.ar\/wp-content\/uploads\/2022\/12\/Flyer-Jazz-Swing-Tal-Cuadrado-1024x1024.jpeg\" alt=\"\" class=\"wp-image-4352\" srcset=\"https:\/\/cultura.sma.gob.ar\/wp-content\/uploads\/2022\/12\/Flyer-Jazz-Swing-Tal-Cuadrado-1024x1024.jpeg 1024w, https:\/\/cultura.sma.gob.ar\/wp-content\/uploads\/2022\/12\/Flyer-Jazz-Swing-Tal-Cuadrado-300x300.jpeg 300w, https:\/\/cultura.sma.gob.ar\/wp-content\/uploads\/2022\/12\/Flyer-Jazz-Swing-Tal-Cuadrado-150x150.jpeg 150w, https:\/\/cultura.sma.gob.ar\/wp-content\/uploads\/2022\/12\/Flyer-Jazz-Swing-Tal-Cuadrado-768x768.jpeg 768w, https:\/\/cultura.sma.gob.ar\/wp-content\/uploads\/2022\/12\/Flyer-Jazz-Swing-Tal-Cuadrado-90x90.jpeg 90w, https:\/\/cultura.sma.gob.ar\/wp-content\/uploads\/2022\/12\/Flyer-Jazz-Swing-Tal-Cuadrado.jpeg 1080w\" sizes=\"auto, (max-width: 1024px) 100vw, 1024px\" \/><\/figure>\n\n\n\n<p>El pr\u00f3ximo viernes 16 y s\u00e1bado 17 de diciembre a las 19hs y a las 21hs, en nuestra querida Sala Amankay, compartiremos la Muestra Anual de la Escuela de Danza, Canto y Comedia Musical Jazz Swing Tap,&nbsp;titulada \u201cEL SHOW\u201d.<\/p>\n\n\n\n<p>De dicha muestra participan los grupos de Danza Jazz, Danza Cl\u00e1sica, Danzas Urbanas, Danza Contempor\u00e1nea y Comedia Musical<br>Direcci\u00f3n General: Silvina \u201cLa Colo\u201d Bara\u00f1ao y Eduardo Alfonsin.<\/p>\n\n\n\n<p>Las entradas estar\u00e1n a la venta desde el jueves 08 al martes 13 (inclusive), s\u00f3lo para las familias, presentando el Voucher que le entregan en la Escuela.&nbsp;Desde el d\u00eda 14 se abre la venta al p\u00fablico en general.<\/p>\n\n\n\n<p>Entrada anticipada: $1.000.-<br>El mimo d\u00eda: $1.300.-<\/p>\n","protected":false},"excerpt":{"rendered":"<p>El pr\u00f3ximo viernes 16 y s\u00e1bado 17 de diciembre a las 19hs y a las 21hs, en nuestra querida Sala Amankay, compartiremos la Muestra Anual de la Escuela de Danza, Canto y Comedia Musical Jazz Swing Tap,&nbsp;titulada \u201cEL SHOW\u201d. De dicha muestra participan los grupos de Danza Jazz, Danza Cl\u00e1sica, Danzas Urbanas, Danza Contempor\u00e1nea y Comedia MusicalDirecci\u00f3n General: Silvina \u201cLa Colo\u201d Bara\u00f1ao y Eduardo Alfonsin. &hellip; <a href=\"https:\/\/cultura.sma.gob.ar\/?p=4351\" class=\"more-link\">Continue reading <span class=\"screen-reader-text\">Muestra Anual &#8220;El Show&#8221; de Jazz Swing Tap en la Sala Amankay<\/span><\/a><\/p>\n","protected":false},"author":1,"featured_media":297,"comment_status":"closed","ping_status":"","sticky":false,"template":"","format":"image","meta":{"footnotes":""},"categories":[2,9],"tags":[],"class_list":["post-4351","post","type-post","status-publish","format-image","has-post-thumbnail","hentry","category-ciudad-cultural","category-ultimas-noticias","post_format-post-format-image"],"_links":{"self":[{"href":"https:\/\/cultura.sma.gob.ar\/index.php?rest_route=\/wp\/v2\/posts\/4351","targetHints":{"allow":["GET"]}}],"collection":[{"href":"https:\/\/cultura.sma.gob.ar\/index.php?rest_route=\/wp\/v2\/posts"}],"about":[{"href":"https:\/\/cultura.sma.gob.ar\/index.php?rest_route=\/wp\/v2\/types\/post"}],"author":[{"embeddable":true,"href":"https:\/\/cultura.sma.gob.ar\/index.php?rest_route=\/wp\/v2\/users\/1"}],"replies":[{"embeddable":true,"href":"https:\/\/cultura.sma.gob.ar\/index.php?rest_route=%2Fwp%2Fv2%2Fcomments&post=4351"}],"version-history":[{"count":1,"href":"https:\/\/cultura.sma.gob.ar\/index.php?rest_route=\/wp\/v2\/posts\/4351\/revisions"}],"predecessor-version":[{"id":4353,"href":"https:\/\/cultura.sma.gob.ar\/index.php?rest_route=\/wp\/v2\/posts\/4351\/revisions\/4353"}],"wp:featuredmedia":[{"embeddable":true,"href":"https:\/\/cultura.sma.gob.ar\/index.php?rest_route=\/wp\/v2\/media\/297"}],"wp:attachment":[{"href":"https:\/\/cultura.sma.gob.ar\/index.php?rest_route=%2Fwp%2Fv2%2Fmedia&parent=4351"}],"wp:term":[{"taxonomy":"category","embeddable":true,"href":"https:\/\/cultura.sma.gob.ar\/index.php?rest_route=%2Fwp%2Fv2%2Fcategories&post=4351"},{"taxonomy":"post_tag","embeddable":true,"href":"https:\/\/cultura.sma.gob.ar\/index.php?rest_route=%2Fwp%2Fv2%2Ftags&post=4351"}],"curies":[{"name":"wp","href":"https:\/\/api.w.org\/{rel}","templated":true}]}}