{"id":4347,"date":"2022-12-06T12:30:11","date_gmt":"2022-12-06T15:30:11","guid":{"rendered":"http:\/\/cultura.sma.gob.ar\/?p=4347"},"modified":"2022-12-06T12:30:11","modified_gmt":"2022-12-06T15:30:11","slug":"convocatoria-a-eleccion-de-la-comision-de-artesanos-2","status":"publish","type":"post","link":"https:\/\/cultura.sma.gob.ar\/?p=4347","title":{"rendered":"Convocatoria a elecci\u00f3n de la Comisi\u00f3n de Artesanos"},"content":{"rendered":"\n<figure class=\"wp-block-image size-large\"><img loading=\"lazy\" decoding=\"async\" width=\"720\" height=\"720\" src=\"http:\/\/cultura.sma.gob.ar\/wp-content\/uploads\/2022\/12\/WhatsApp-Image-2022-12-06-at-10.55.52.jpeg\" alt=\"\" class=\"wp-image-4348\" srcset=\"https:\/\/cultura.sma.gob.ar\/wp-content\/uploads\/2022\/12\/WhatsApp-Image-2022-12-06-at-10.55.52.jpeg 720w, https:\/\/cultura.sma.gob.ar\/wp-content\/uploads\/2022\/12\/WhatsApp-Image-2022-12-06-at-10.55.52-300x300.jpeg 300w, https:\/\/cultura.sma.gob.ar\/wp-content\/uploads\/2022\/12\/WhatsApp-Image-2022-12-06-at-10.55.52-150x150.jpeg 150w, https:\/\/cultura.sma.gob.ar\/wp-content\/uploads\/2022\/12\/WhatsApp-Image-2022-12-06-at-10.55.52-90x90.jpeg 90w\" sizes=\"auto, (max-width: 720px) 100vw, 720px\" \/><\/figure>\n\n\n\n<p>La Secretar\u00eda de Cultura convoca a elecciones para la conformaci\u00f3n de la Comisi\u00f3n de Artesanos, conforme a la Ordenanza 8.175\/08 y al Art\u00edculo 27 de su Reglamentaci\u00f3n.<\/p>\n\n\n\n<p>Para votar ser\u00e1 requisito estar inscripto en el Registro de Artesanos Urbanos de San Mart\u00edn de los Andes y presentar DNI.<\/p>\n\n\n\n<p>La elecci\u00f3n se realizar\u00e1 el d\u00eda mi\u00e9rcoles 21 de diciembre, de 12 a 18 hs, en el Museo Municipal Primeros Pobladores.<\/p>\n\n\n\n<ul class=\"wp-block-list\"><li><a href=\"http:\/\/cultura.sma.gob.ar\/2022\/04\/20\/continua-abierta-la-inscripcion-al-registro-municipal-de-trabajadores-y-trabajadoras-de-la-cultura\/\" data-type=\"post\" data-id=\"1497\">Contin\u00faa abierta la inscripci\u00f3n al Registro Municipal de Trabajadores y Trabajadoras de la Cultura<\/a><\/li><\/ul>\n","protected":false},"excerpt":{"rendered":"<p>La Secretar\u00eda de Cultura convoca a elecciones para la conformaci\u00f3n de la Comisi\u00f3n de Artesanos, conforme a la Ordenanza 8.175\/08 y al Art\u00edculo 27 de su Reglamentaci\u00f3n. Para votar ser\u00e1 requisito estar inscripto en el Registro de Artesanos Urbanos de San Mart\u00edn de los Andes y presentar DNI. La elecci\u00f3n se realizar\u00e1 el d\u00eda mi\u00e9rcoles 21 de diciembre, de 12 a 18 hs, en el &hellip; <a href=\"https:\/\/cultura.sma.gob.ar\/?p=4347\" class=\"more-link\">Continue reading <span class=\"screen-reader-text\">Convocatoria a elecci\u00f3n de la Comisi\u00f3n de Artesanos<\/span><\/a><\/p>\n","protected":false},"author":1,"featured_media":297,"comment_status":"closed","ping_status":"","sticky":false,"template":"","format":"image","meta":{"footnotes":""},"categories":[2,9],"tags":[],"class_list":["post-4347","post","type-post","status-publish","format-image","has-post-thumbnail","hentry","category-ciudad-cultural","category-ultimas-noticias","post_format-post-format-image"],"_links":{"self":[{"href":"https:\/\/cultura.sma.gob.ar\/index.php?rest_route=\/wp\/v2\/posts\/4347","targetHints":{"allow":["GET"]}}],"collection":[{"href":"https:\/\/cultura.sma.gob.ar\/index.php?rest_route=\/wp\/v2\/posts"}],"about":[{"href":"https:\/\/cultura.sma.gob.ar\/index.php?rest_route=\/wp\/v2\/types\/post"}],"author":[{"embeddable":true,"href":"https:\/\/cultura.sma.gob.ar\/index.php?rest_route=\/wp\/v2\/users\/1"}],"replies":[{"embeddable":true,"href":"https:\/\/cultura.sma.gob.ar\/index.php?rest_route=%2Fwp%2Fv2%2Fcomments&post=4347"}],"version-history":[{"count":1,"href":"https:\/\/cultura.sma.gob.ar\/index.php?rest_route=\/wp\/v2\/posts\/4347\/revisions"}],"predecessor-version":[{"id":4349,"href":"https:\/\/cultura.sma.gob.ar\/index.php?rest_route=\/wp\/v2\/posts\/4347\/revisions\/4349"}],"wp:featuredmedia":[{"embeddable":true,"href":"https:\/\/cultura.sma.gob.ar\/index.php?rest_route=\/wp\/v2\/media\/297"}],"wp:attachment":[{"href":"https:\/\/cultura.sma.gob.ar\/index.php?rest_route=%2Fwp%2Fv2%2Fmedia&parent=4347"}],"wp:term":[{"taxonomy":"category","embeddable":true,"href":"https:\/\/cultura.sma.gob.ar\/index.php?rest_route=%2Fwp%2Fv2%2Fcategories&post=4347"},{"taxonomy":"post_tag","embeddable":true,"href":"https:\/\/cultura.sma.gob.ar\/index.php?rest_route=%2Fwp%2Fv2%2Ftags&post=4347"}],"curies":[{"name":"wp","href":"https:\/\/api.w.org\/{rel}","templated":true}]}}