{"id":4340,"date":"2022-12-05T11:31:35","date_gmt":"2022-12-05T14:31:35","guid":{"rendered":"http:\/\/cultura.sma.gob.ar\/?p=4340"},"modified":"2022-12-05T11:31:35","modified_gmt":"2022-12-05T14:31:35","slug":"5ta-variete-patagonia-en-el-centro-cultural-cotesma","status":"publish","type":"post","link":"https:\/\/cultura.sma.gob.ar\/?p=4340","title":{"rendered":"5ta Variet\u00e9 Patagonia en el Centro Cultural Cotesma"},"content":{"rendered":"\n<figure class=\"wp-block-image size-large\"><img loading=\"lazy\" decoding=\"async\" width=\"530\" height=\"750\" src=\"http:\/\/cultura.sma.gob.ar\/wp-content\/uploads\/2022\/12\/Variete-Patagonia-Flyer.jpg\" alt=\"\" class=\"wp-image-4341\" srcset=\"https:\/\/cultura.sma.gob.ar\/wp-content\/uploads\/2022\/12\/Variete-Patagonia-Flyer.jpg 530w, https:\/\/cultura.sma.gob.ar\/wp-content\/uploads\/2022\/12\/Variete-Patagonia-Flyer-212x300.jpg 212w, https:\/\/cultura.sma.gob.ar\/wp-content\/uploads\/2022\/12\/Variete-Patagonia-Flyer-64x90.jpg 64w\" sizes=\"auto, (max-width: 530px) 100vw, 530px\" \/><\/figure>\n\n\n\n<p>El pr\u00f3ximo jueves, 22 de diciembre a las 21hs, en nuestra querida Sala Amankay, disfrutaremos la 5\u00b0 Edici\u00f3n de la \u201cVARIET\u00c9 PATAGONIA\u201d. Imperdible propuesta organizada por Alejandra San Mart\u00edn, con colaboraci\u00f3n de Boris Zambrano.<\/p>\n\n\n\n<p>Con el fin de mostrar variadas disciplinas de danza, encabezadas por artistas locales, oriundos e invitados, para el p\u00fablico de la ciudad, distintas escuelas y grupos demostrar\u00e1n sus cualidades y profesionalismo, durante m\u00e1s de una hora.<\/p>\n\n\n\n<p>Grupos invitados:<br>\u25cf Espacio Salsero estilo Femenino.<br>\u25cf Tango con Marta Sardi y Rub\u00e9n Caama\u00f1o, Betina Diaz Duckwen y Soledad Palazzolo.<br>\u25cf Tango inclusivo con Silvio del Pino y Alejandra San Mart\u00edn<br>\u25cf Danzas Folkl\u00f3ricas con Compa\u00f1ia de Danzas Aurora y Grupo de Danzas Tierra Querida.<br>\u25cf Flamenco con Triana, dirigido por Bel\u00e9n Rouco.<br>\u25cf Bailar\u00edn cl\u00e1sico\/ contempor\u00e1neo Pablo Mora.<\/p>\n\n\n\n<p>Entrada General $700.- En venta en la boleteria del Centro Cultural.<\/p>\n","protected":false},"excerpt":{"rendered":"<p>El pr\u00f3ximo jueves, 22 de diciembre a las 21hs, en nuestra querida Sala Amankay, disfrutaremos la 5\u00b0 Edici\u00f3n de la \u201cVARIET\u00c9 PATAGONIA\u201d. Imperdible propuesta organizada por Alejandra San Mart\u00edn, con colaboraci\u00f3n de Boris Zambrano. Con el fin de mostrar variadas disciplinas de danza, encabezadas por artistas locales, oriundos e invitados, para el p\u00fablico de la ciudad, distintas escuelas y grupos demostrar\u00e1n sus cualidades y profesionalismo, &hellip; <a href=\"https:\/\/cultura.sma.gob.ar\/?p=4340\" class=\"more-link\">Continue reading <span class=\"screen-reader-text\">5ta Variet\u00e9 Patagonia en el Centro Cultural Cotesma<\/span><\/a><\/p>\n","protected":false},"author":1,"featured_media":297,"comment_status":"closed","ping_status":"","sticky":false,"template":"","format":"image","meta":{"footnotes":""},"categories":[2,9],"tags":[],"class_list":["post-4340","post","type-post","status-publish","format-image","has-post-thumbnail","hentry","category-ciudad-cultural","category-ultimas-noticias","post_format-post-format-image"],"_links":{"self":[{"href":"https:\/\/cultura.sma.gob.ar\/index.php?rest_route=\/wp\/v2\/posts\/4340","targetHints":{"allow":["GET"]}}],"collection":[{"href":"https:\/\/cultura.sma.gob.ar\/index.php?rest_route=\/wp\/v2\/posts"}],"about":[{"href":"https:\/\/cultura.sma.gob.ar\/index.php?rest_route=\/wp\/v2\/types\/post"}],"author":[{"embeddable":true,"href":"https:\/\/cultura.sma.gob.ar\/index.php?rest_route=\/wp\/v2\/users\/1"}],"replies":[{"embeddable":true,"href":"https:\/\/cultura.sma.gob.ar\/index.php?rest_route=%2Fwp%2Fv2%2Fcomments&post=4340"}],"version-history":[{"count":1,"href":"https:\/\/cultura.sma.gob.ar\/index.php?rest_route=\/wp\/v2\/posts\/4340\/revisions"}],"predecessor-version":[{"id":4342,"href":"https:\/\/cultura.sma.gob.ar\/index.php?rest_route=\/wp\/v2\/posts\/4340\/revisions\/4342"}],"wp:featuredmedia":[{"embeddable":true,"href":"https:\/\/cultura.sma.gob.ar\/index.php?rest_route=\/wp\/v2\/media\/297"}],"wp:attachment":[{"href":"https:\/\/cultura.sma.gob.ar\/index.php?rest_route=%2Fwp%2Fv2%2Fmedia&parent=4340"}],"wp:term":[{"taxonomy":"category","embeddable":true,"href":"https:\/\/cultura.sma.gob.ar\/index.php?rest_route=%2Fwp%2Fv2%2Fcategories&post=4340"},{"taxonomy":"post_tag","embeddable":true,"href":"https:\/\/cultura.sma.gob.ar\/index.php?rest_route=%2Fwp%2Fv2%2Ftags&post=4340"}],"curies":[{"name":"wp","href":"https:\/\/api.w.org\/{rel}","templated":true}]}}