{"id":434,"date":"2020-10-21T09:48:36","date_gmt":"2020-10-21T12:48:36","guid":{"rendered":"http:\/\/cultura.sma.gob.ar\/?p=434"},"modified":"2020-10-21T09:48:36","modified_gmt":"2020-10-21T12:48:36","slug":"decir-danzando-una-propuesta-de-improvisacion","status":"publish","type":"post","link":"https:\/\/cultura.sma.gob.ar\/?p=434","title":{"rendered":"&#8220;Decir Danzando&#8221;: una propuesta de improvisaci\u00f3n"},"content":{"rendered":"\n<figure class=\"wp-block-image size-large\"><img loading=\"lazy\" decoding=\"async\" width=\"1024\" height=\"1024\" src=\"http:\/\/cultura.sma.gob.ar\/wp-content\/uploads\/2020\/10\/Fleyr-Danza-JPEG-1024x1024.jpg\" alt=\"\" class=\"wp-image-435\" srcset=\"https:\/\/cultura.sma.gob.ar\/wp-content\/uploads\/2020\/10\/Fleyr-Danza-JPEG-1024x1024.jpg 1024w, https:\/\/cultura.sma.gob.ar\/wp-content\/uploads\/2020\/10\/Fleyr-Danza-JPEG-300x300.jpg 300w, https:\/\/cultura.sma.gob.ar\/wp-content\/uploads\/2020\/10\/Fleyr-Danza-JPEG-150x150.jpg 150w, https:\/\/cultura.sma.gob.ar\/wp-content\/uploads\/2020\/10\/Fleyr-Danza-JPEG-768x768.jpg 768w, https:\/\/cultura.sma.gob.ar\/wp-content\/uploads\/2020\/10\/Fleyr-Danza-JPEG-90x90.jpg 90w, https:\/\/cultura.sma.gob.ar\/wp-content\/uploads\/2020\/10\/Fleyr-Danza-JPEG.jpg 1080w\" sizes=\"auto, (max-width: 1024px) 100vw, 1024px\" \/><\/figure>\n\n\n\n<p>Este viernes, 23 de octubre a las 20:30hs, contin\u00faa el Ciclo \u201cVIERNES CULTURALES EN LA G\u00dcNTHER\u201d con otra nueva e imperdible propuesta: \u201cDECIR DANZANDO\u201d.<\/p>\n\n\n\n<p>\u201c<em>Decir Danzando<\/em>\u201c es una propuesta de improvisaci\u00f3n, en base a la poes\u00eda y el movimiento contempor\u00e1neo, que re\u00fane a diferentes artistas de San Mart\u00edn de los Andes.<br>Una transmisi\u00f3n l\u00fadica, en la que, por azar, una poeta narra un texto, mientras otros cuerpos danzan el sonido, los silencios, las im\u00e1genes y sensaciones que se desprenden de su voz.<br>Retroaliment\u00e1ndose constantemente, componen al un\u00edsono una nueva expresi\u00f3n.<br>Todos invitados a compartir este juego, este di\u00e1logo de voces y cuerpos.<br><br>En vivo por las redes sociales del elenco. Por streaming, bajo protocolo sanitario, sin p\u00fablico presencial, desde la sala G\u00fcnther Blaas del Centro Cultural Cotesma.<\/p>\n\n\n\n<p>&#8220;DECIR DANZANDO\u201d para seguir en redes, son:<br>Facebook:<br><a href=\"https:\/\/correo.smandes.gov.ar\/owa\/redir.aspx?C=5952da5dd04449bc939eeb5d4b801511&amp;URL=https%3a%2f%2fwww.facebook.com%2ffranoksman\" target=\"_blank\" rel=\"noreferrer noopener\">Fran Oksman<\/a><br><a href=\"https:\/\/correo.smandes.gov.ar\/owa\/redir.aspx?C=5952da5dd04449bc939eeb5d4b801511&amp;URL=https%3a%2f%2fwww.facebook.com%2fstefania.mateu\" target=\"_blank\" rel=\"noreferrer noopener\">Stefania Mateu<\/a><br><a href=\"https:\/\/correo.smandes.gov.ar\/owa\/redir.aspx?C=5952da5dd04449bc939eeb5d4b801511&amp;URL=https%3a%2f%2fwww.facebook.com%2fromi.farias.39142\" target=\"_blank\" rel=\"noreferrer noopener\">Romi Farias<\/a><br><a href=\"https:\/\/correo.smandes.gov.ar\/owa\/redir.aspx?C=5952da5dd04449bc939eeb5d4b801511&amp;URL=https%3a%2f%2fwww.facebook.com%2fana.deezcurra\" target=\"_blank\" rel=\"noreferrer noopener\">Ana de Ezcurra<\/a><br><a href=\"https:\/\/correo.smandes.gov.ar\/owa\/redir.aspx?C=5952da5dd04449bc939eeb5d4b801511&amp;URL=https%3a%2f%2fwww.facebook.com%2fsabrina.gullino\" target=\"_blank\" rel=\"noreferrer noopener\">Sabrina Gullino<\/a><br><a href=\"https:\/\/correo.smandes.gov.ar\/owa\/redir.aspx?C=5952da5dd04449bc939eeb5d4b801511&amp;URL=https%3a%2f%2fwww.facebook.com%2fmarisa.godoy.52\" target=\"_blank\" rel=\"noreferrer noopener\">Marisa Godoy<\/a><br>Guadalupe Guevara<\/p>\n\n\n\n<p>Instagram:<br>@animor48<br>@marisa.godoy.52<br>@lupeenlapacha<br>@stefaniamateu<br>@aboutfrano<br>@ana.de.ezcurra<\/p>\n\n\n\n<p>Adem\u00e1s de disfrutar el espect\u00e1culo pod\u00e9s colaborar con los artistas al siguiente CBU:<br>Banco Naci\u00f3n \u2013 Ana de Ezcurra: 0110480030048056215897<\/p>\n","protected":false},"excerpt":{"rendered":"<p>Viernes 23 a las 20:30 por Facebook Live <a href=\"https:\/\/cultura.sma.gob.ar\/?p=434\" class=\"more-link\">Continue reading <span class=\"screen-reader-text\">&#8220;Decir Danzando&#8221;: una propuesta de improvisaci\u00f3n<\/span><\/a><\/p>\n","protected":false},"author":1,"featured_media":297,"comment_status":"closed","ping_status":"","sticky":false,"template":"","format":"image","meta":{"footnotes":""},"categories":[2],"tags":[],"class_list":["post-434","post","type-post","status-publish","format-image","has-post-thumbnail","hentry","category-ciudad-cultural","post_format-post-format-image"],"_links":{"self":[{"href":"https:\/\/cultura.sma.gob.ar\/index.php?rest_route=\/wp\/v2\/posts\/434","targetHints":{"allow":["GET"]}}],"collection":[{"href":"https:\/\/cultura.sma.gob.ar\/index.php?rest_route=\/wp\/v2\/posts"}],"about":[{"href":"https:\/\/cultura.sma.gob.ar\/index.php?rest_route=\/wp\/v2\/types\/post"}],"author":[{"embeddable":true,"href":"https:\/\/cultura.sma.gob.ar\/index.php?rest_route=\/wp\/v2\/users\/1"}],"replies":[{"embeddable":true,"href":"https:\/\/cultura.sma.gob.ar\/index.php?rest_route=%2Fwp%2Fv2%2Fcomments&post=434"}],"version-history":[{"count":1,"href":"https:\/\/cultura.sma.gob.ar\/index.php?rest_route=\/wp\/v2\/posts\/434\/revisions"}],"predecessor-version":[{"id":436,"href":"https:\/\/cultura.sma.gob.ar\/index.php?rest_route=\/wp\/v2\/posts\/434\/revisions\/436"}],"wp:featuredmedia":[{"embeddable":true,"href":"https:\/\/cultura.sma.gob.ar\/index.php?rest_route=\/wp\/v2\/media\/297"}],"wp:attachment":[{"href":"https:\/\/cultura.sma.gob.ar\/index.php?rest_route=%2Fwp%2Fv2%2Fmedia&parent=434"}],"wp:term":[{"taxonomy":"category","embeddable":true,"href":"https:\/\/cultura.sma.gob.ar\/index.php?rest_route=%2Fwp%2Fv2%2Fcategories&post=434"},{"taxonomy":"post_tag","embeddable":true,"href":"https:\/\/cultura.sma.gob.ar\/index.php?rest_route=%2Fwp%2Fv2%2Ftags&post=434"}],"curies":[{"name":"wp","href":"https:\/\/api.w.org\/{rel}","templated":true}]}}