{"id":4336,"date":"2022-12-05T11:29:17","date_gmt":"2022-12-05T14:29:17","guid":{"rendered":"http:\/\/cultura.sma.gob.ar\/?p=4336"},"modified":"2022-12-05T11:29:17","modified_gmt":"2022-12-05T14:29:17","slug":"muestra-de-escuela-de-danzas-arabes-natalia-levar-en-la-sala-amankay","status":"publish","type":"post","link":"https:\/\/cultura.sma.gob.ar\/?p=4336","title":{"rendered":"Muestra de Escuela de Danzas \u00c1rabes Natalia Levar en la Sala Amankay"},"content":{"rendered":"\n<figure class=\"wp-block-image size-large\"><img loading=\"lazy\" decoding=\"async\" width=\"576\" height=\"1024\" src=\"http:\/\/cultura.sma.gob.ar\/wp-content\/uploads\/2022\/12\/Inta-Omri-Arabe-21-12-576x1024.png\" alt=\"\" class=\"wp-image-4337\" srcset=\"https:\/\/cultura.sma.gob.ar\/wp-content\/uploads\/2022\/12\/Inta-Omri-Arabe-21-12-576x1024.png 576w, https:\/\/cultura.sma.gob.ar\/wp-content\/uploads\/2022\/12\/Inta-Omri-Arabe-21-12-169x300.png 169w, https:\/\/cultura.sma.gob.ar\/wp-content\/uploads\/2022\/12\/Inta-Omri-Arabe-21-12-768x1365.png 768w, https:\/\/cultura.sma.gob.ar\/wp-content\/uploads\/2022\/12\/Inta-Omri-Arabe-21-12-864x1536.png 864w, https:\/\/cultura.sma.gob.ar\/wp-content\/uploads\/2022\/12\/Inta-Omri-Arabe-21-12-51x90.png 51w, https:\/\/cultura.sma.gob.ar\/wp-content\/uploads\/2022\/12\/Inta-Omri-Arabe-21-12.png 1080w\" sizes=\"auto, (max-width: 576px) 100vw, 576px\" \/><\/figure>\n\n\n\n<p>El pr\u00f3ximo mi\u00e9rcoles, 21 de diciembre, a las 20hs, en nuestra querida Sala Amankay, vamos a disfrutar otra noche espectacular de la mano de &#8220;INTA OMRI (&#8220;Eres mi vida&#8221;)\u201d, el cierre de fin de a\u00f1o de la Escuela de Danzas \u00c1rabes Natalia Levar.<br>Ser\u00e1 una noche m\u00e1gica, donde viviremos un recorrido por la historia de esta danza milenaria, desde sus or\u00edgenes, hasta el d\u00eda de hoy.<br>Se presentar\u00e1n las alumnas de la escuela, y artistas invitados.<br>Un show para disfrutar en familia.Entradas en venta en la boleteria del Centro Cultural Cotesma. Anticipadas: $800<br>El mismo d\u00eda: $1.000<\/p>\n","protected":false},"excerpt":{"rendered":"<p>El pr\u00f3ximo mi\u00e9rcoles, 21 de diciembre, a las 20hs, en nuestra querida Sala Amankay, vamos a disfrutar otra noche espectacular de la mano de &#8220;INTA OMRI (&#8220;Eres mi vida&#8221;)\u201d, el cierre de fin de a\u00f1o de la Escuela de Danzas \u00c1rabes Natalia Levar.Ser\u00e1 una noche m\u00e1gica, donde viviremos un recorrido por la historia de esta danza milenaria, desde sus or\u00edgenes, hasta el d\u00eda de hoy.Se &hellip; <a href=\"https:\/\/cultura.sma.gob.ar\/?p=4336\" class=\"more-link\">Continue reading <span class=\"screen-reader-text\">Muestra de Escuela de Danzas \u00c1rabes Natalia Levar en la Sala Amankay<\/span><\/a><\/p>\n","protected":false},"author":1,"featured_media":297,"comment_status":"closed","ping_status":"","sticky":false,"template":"","format":"image","meta":{"footnotes":""},"categories":[2,9],"tags":[],"class_list":["post-4336","post","type-post","status-publish","format-image","has-post-thumbnail","hentry","category-ciudad-cultural","category-ultimas-noticias","post_format-post-format-image"],"_links":{"self":[{"href":"https:\/\/cultura.sma.gob.ar\/index.php?rest_route=\/wp\/v2\/posts\/4336","targetHints":{"allow":["GET"]}}],"collection":[{"href":"https:\/\/cultura.sma.gob.ar\/index.php?rest_route=\/wp\/v2\/posts"}],"about":[{"href":"https:\/\/cultura.sma.gob.ar\/index.php?rest_route=\/wp\/v2\/types\/post"}],"author":[{"embeddable":true,"href":"https:\/\/cultura.sma.gob.ar\/index.php?rest_route=\/wp\/v2\/users\/1"}],"replies":[{"embeddable":true,"href":"https:\/\/cultura.sma.gob.ar\/index.php?rest_route=%2Fwp%2Fv2%2Fcomments&post=4336"}],"version-history":[{"count":1,"href":"https:\/\/cultura.sma.gob.ar\/index.php?rest_route=\/wp\/v2\/posts\/4336\/revisions"}],"predecessor-version":[{"id":4338,"href":"https:\/\/cultura.sma.gob.ar\/index.php?rest_route=\/wp\/v2\/posts\/4336\/revisions\/4338"}],"wp:featuredmedia":[{"embeddable":true,"href":"https:\/\/cultura.sma.gob.ar\/index.php?rest_route=\/wp\/v2\/media\/297"}],"wp:attachment":[{"href":"https:\/\/cultura.sma.gob.ar\/index.php?rest_route=%2Fwp%2Fv2%2Fmedia&parent=4336"}],"wp:term":[{"taxonomy":"category","embeddable":true,"href":"https:\/\/cultura.sma.gob.ar\/index.php?rest_route=%2Fwp%2Fv2%2Fcategories&post=4336"},{"taxonomy":"post_tag","embeddable":true,"href":"https:\/\/cultura.sma.gob.ar\/index.php?rest_route=%2Fwp%2Fv2%2Ftags&post=4336"}],"curies":[{"name":"wp","href":"https:\/\/api.w.org\/{rel}","templated":true}]}}