{"id":4328,"date":"2022-12-05T11:25:10","date_gmt":"2022-12-05T14:25:10","guid":{"rendered":"http:\/\/cultura.sma.gob.ar\/?p=4328"},"modified":"2022-12-05T11:25:10","modified_gmt":"2022-12-05T14:25:10","slug":"show-dance-en-la-sala-amankay","status":"publish","type":"post","link":"https:\/\/cultura.sma.gob.ar\/?p=4328","title":{"rendered":"Show Dance en la Sala Amankay"},"content":{"rendered":"\n<figure class=\"wp-block-image size-large\"><img loading=\"lazy\" decoding=\"async\" width=\"1024\" height=\"1024\" src=\"http:\/\/cultura.sma.gob.ar\/wp-content\/uploads\/2022\/12\/SHOWDANCE-ADOLESCENTES-ADULTAS-1024x1024.jpg\" alt=\"\" class=\"wp-image-4329\" srcset=\"https:\/\/cultura.sma.gob.ar\/wp-content\/uploads\/2022\/12\/SHOWDANCE-ADOLESCENTES-ADULTAS-1024x1024.jpg 1024w, https:\/\/cultura.sma.gob.ar\/wp-content\/uploads\/2022\/12\/SHOWDANCE-ADOLESCENTES-ADULTAS-300x300.jpg 300w, https:\/\/cultura.sma.gob.ar\/wp-content\/uploads\/2022\/12\/SHOWDANCE-ADOLESCENTES-ADULTAS-150x150.jpg 150w, https:\/\/cultura.sma.gob.ar\/wp-content\/uploads\/2022\/12\/SHOWDANCE-ADOLESCENTES-ADULTAS-768x768.jpg 768w, https:\/\/cultura.sma.gob.ar\/wp-content\/uploads\/2022\/12\/SHOWDANCE-ADOLESCENTES-ADULTAS-90x90.jpg 90w, https:\/\/cultura.sma.gob.ar\/wp-content\/uploads\/2022\/12\/SHOWDANCE-ADOLESCENTES-ADULTAS.jpg 1080w\" sizes=\"auto, (max-width: 1024px) 100vw, 1024px\" \/><\/figure>\n\n\n\n<p>El pr\u00f3ximo martes, 06 de diciembre a las 19:30hs y a las 21hs, en nuestra querida Sala Amankay, la Escuela de Danza Attitude presenta el Showdance de los m\u00e1s chiquitos que bailar\u00e1n las coreograf\u00edas con la tem\u00e1tica de las pel\u00edculas High School Musical.<br><br>El pr\u00f3ximo mi\u00e9rcoles, 07 de diciembre a las 19:30hs y a las 21hs, en nuestra querida Sala Amankay, la Escuela de Danza Attitude presenta el Showdance de los grupos principiantes y adultas y tambi\u00e9n tendremos a los grupos de Intermedios y Avanzados que nos mostraran las coreograf\u00edas que recientemente compitieron en Bs As.<br><br>Los esperamos para compartir la alegr\u00eda y pasi\u00f3n por el arte de la danza.<br>Entrada General $1.000.- En venta desde el 30\/11 para quienes tengan voucher de la escuela.<\/p>\n\n\n\n<p><\/p>\n","protected":false},"excerpt":{"rendered":"<p>El pr\u00f3ximo martes, 06 de diciembre a las 19:30hs y a las 21hs, en nuestra querida Sala Amankay, la Escuela de Danza Attitude presenta el Showdance de los m\u00e1s chiquitos que bailar\u00e1n las coreograf\u00edas con la tem\u00e1tica de las pel\u00edculas High School Musical. El pr\u00f3ximo mi\u00e9rcoles, 07 de diciembre a las 19:30hs y a las 21hs, en nuestra querida Sala Amankay, la Escuela de Danza &hellip; <a href=\"https:\/\/cultura.sma.gob.ar\/?p=4328\" class=\"more-link\">Continue reading <span class=\"screen-reader-text\">Show Dance en la Sala Amankay<\/span><\/a><\/p>\n","protected":false},"author":1,"featured_media":297,"comment_status":"closed","ping_status":"","sticky":false,"template":"","format":"image","meta":{"footnotes":""},"categories":[2,9],"tags":[],"class_list":["post-4328","post","type-post","status-publish","format-image","has-post-thumbnail","hentry","category-ciudad-cultural","category-ultimas-noticias","post_format-post-format-image"],"_links":{"self":[{"href":"https:\/\/cultura.sma.gob.ar\/index.php?rest_route=\/wp\/v2\/posts\/4328","targetHints":{"allow":["GET"]}}],"collection":[{"href":"https:\/\/cultura.sma.gob.ar\/index.php?rest_route=\/wp\/v2\/posts"}],"about":[{"href":"https:\/\/cultura.sma.gob.ar\/index.php?rest_route=\/wp\/v2\/types\/post"}],"author":[{"embeddable":true,"href":"https:\/\/cultura.sma.gob.ar\/index.php?rest_route=\/wp\/v2\/users\/1"}],"replies":[{"embeddable":true,"href":"https:\/\/cultura.sma.gob.ar\/index.php?rest_route=%2Fwp%2Fv2%2Fcomments&post=4328"}],"version-history":[{"count":1,"href":"https:\/\/cultura.sma.gob.ar\/index.php?rest_route=\/wp\/v2\/posts\/4328\/revisions"}],"predecessor-version":[{"id":4330,"href":"https:\/\/cultura.sma.gob.ar\/index.php?rest_route=\/wp\/v2\/posts\/4328\/revisions\/4330"}],"wp:featuredmedia":[{"embeddable":true,"href":"https:\/\/cultura.sma.gob.ar\/index.php?rest_route=\/wp\/v2\/media\/297"}],"wp:attachment":[{"href":"https:\/\/cultura.sma.gob.ar\/index.php?rest_route=%2Fwp%2Fv2%2Fmedia&parent=4328"}],"wp:term":[{"taxonomy":"category","embeddable":true,"href":"https:\/\/cultura.sma.gob.ar\/index.php?rest_route=%2Fwp%2Fv2%2Fcategories&post=4328"},{"taxonomy":"post_tag","embeddable":true,"href":"https:\/\/cultura.sma.gob.ar\/index.php?rest_route=%2Fwp%2Fv2%2Ftags&post=4328"}],"curies":[{"name":"wp","href":"https:\/\/api.w.org\/{rel}","templated":true}]}}