{"id":4324,"date":"2022-12-05T11:21:34","date_gmt":"2022-12-05T14:21:34","guid":{"rendered":"http:\/\/cultura.sma.gob.ar\/?p=4324"},"modified":"2022-12-05T11:21:34","modified_gmt":"2022-12-05T14:21:34","slug":"coleccion-georg-lydia-zubizarreta-y-emiliano-celiz","status":"publish","type":"post","link":"https:\/\/cultura.sma.gob.ar\/?p=4324","title":{"rendered":"Colecci\u00f3n Georg: Lydia Zubizarreta y Emiliano C\u00e9liz"},"content":{"rendered":"\n<figure class=\"wp-block-image size-large\"><img loading=\"lazy\" decoding=\"async\" width=\"1024\" height=\"627\" src=\"http:\/\/cultura.sma.gob.ar\/wp-content\/uploads\/2022\/12\/LZ_Flyer-FB_Vernissage-1024x627.jpg\" alt=\"\" class=\"wp-image-4325\" srcset=\"https:\/\/cultura.sma.gob.ar\/wp-content\/uploads\/2022\/12\/LZ_Flyer-FB_Vernissage-1024x627.jpg 1024w, https:\/\/cultura.sma.gob.ar\/wp-content\/uploads\/2022\/12\/LZ_Flyer-FB_Vernissage-300x184.jpg 300w, https:\/\/cultura.sma.gob.ar\/wp-content\/uploads\/2022\/12\/LZ_Flyer-FB_Vernissage-768x470.jpg 768w, https:\/\/cultura.sma.gob.ar\/wp-content\/uploads\/2022\/12\/LZ_Flyer-FB_Vernissage-147x90.jpg 147w, https:\/\/cultura.sma.gob.ar\/wp-content\/uploads\/2022\/12\/LZ_Flyer-FB_Vernissage.jpg 1316w\" sizes=\"auto, (max-width: 1024px) 100vw, 1024px\" \/><\/figure>\n\n\n\n<p>Fechas especiales del mes de diciembre 2022: Lydia Zubizarreta y Emiliano C\u00e9liz dar\u00e1n juntos las siguientes charlas, como complemento de la exposici\u00f3n.<\/p>\n\n\n\n<p>Mi\u00e9rcoles 7\/12, 19 h &#8211; La palabra &#8220;arte&#8221;, \u00bfqu\u00e9 designa, qu\u00e9 significa?<br>Mi\u00e9rcoles 14\/12, 19 h &#8211; \u00bfReside un valor intr\u00ednseco en el arte?<br>Mi\u00e9rcoles 21\/12, 19 h &#8211; \u00bfEl momento hist\u00f3rico -pol\u00edtico y social- deja una impronta en el arte y vice versa?&nbsp;<\/p>\n","protected":false},"excerpt":{"rendered":"<p>Fechas especiales del mes de diciembre 2022: Lydia Zubizarreta y Emiliano C\u00e9liz dar\u00e1n juntos las siguientes charlas, como complemento de la exposici\u00f3n. Mi\u00e9rcoles 7\/12, 19 h &#8211; La palabra &#8220;arte&#8221;, \u00bfqu\u00e9 designa, qu\u00e9 significa?Mi\u00e9rcoles 14\/12, 19 h &#8211; \u00bfReside un valor intr\u00ednseco en el arte?Mi\u00e9rcoles 21\/12, 19 h &#8211; \u00bfEl momento hist\u00f3rico -pol\u00edtico y social- deja una impronta en el arte y vice versa?&nbsp; <a href=\"https:\/\/cultura.sma.gob.ar\/?p=4324\" class=\"more-link\">Continue reading <span class=\"screen-reader-text\">Colecci\u00f3n Georg: Lydia Zubizarreta y Emiliano C\u00e9liz<\/span><\/a><\/p>\n","protected":false},"author":1,"featured_media":297,"comment_status":"closed","ping_status":"","sticky":false,"template":"","format":"image","meta":{"footnotes":""},"categories":[2,9],"tags":[],"class_list":["post-4324","post","type-post","status-publish","format-image","has-post-thumbnail","hentry","category-ciudad-cultural","category-ultimas-noticias","post_format-post-format-image"],"_links":{"self":[{"href":"https:\/\/cultura.sma.gob.ar\/index.php?rest_route=\/wp\/v2\/posts\/4324","targetHints":{"allow":["GET"]}}],"collection":[{"href":"https:\/\/cultura.sma.gob.ar\/index.php?rest_route=\/wp\/v2\/posts"}],"about":[{"href":"https:\/\/cultura.sma.gob.ar\/index.php?rest_route=\/wp\/v2\/types\/post"}],"author":[{"embeddable":true,"href":"https:\/\/cultura.sma.gob.ar\/index.php?rest_route=\/wp\/v2\/users\/1"}],"replies":[{"embeddable":true,"href":"https:\/\/cultura.sma.gob.ar\/index.php?rest_route=%2Fwp%2Fv2%2Fcomments&post=4324"}],"version-history":[{"count":1,"href":"https:\/\/cultura.sma.gob.ar\/index.php?rest_route=\/wp\/v2\/posts\/4324\/revisions"}],"predecessor-version":[{"id":4326,"href":"https:\/\/cultura.sma.gob.ar\/index.php?rest_route=\/wp\/v2\/posts\/4324\/revisions\/4326"}],"wp:featuredmedia":[{"embeddable":true,"href":"https:\/\/cultura.sma.gob.ar\/index.php?rest_route=\/wp\/v2\/media\/297"}],"wp:attachment":[{"href":"https:\/\/cultura.sma.gob.ar\/index.php?rest_route=%2Fwp%2Fv2%2Fmedia&parent=4324"}],"wp:term":[{"taxonomy":"category","embeddable":true,"href":"https:\/\/cultura.sma.gob.ar\/index.php?rest_route=%2Fwp%2Fv2%2Fcategories&post=4324"},{"taxonomy":"post_tag","embeddable":true,"href":"https:\/\/cultura.sma.gob.ar\/index.php?rest_route=%2Fwp%2Fv2%2Ftags&post=4324"}],"curies":[{"name":"wp","href":"https:\/\/api.w.org\/{rel}","templated":true}]}}