{"id":431,"date":"2020-10-21T09:45:02","date_gmt":"2020-10-21T12:45:02","guid":{"rendered":"http:\/\/cultura.sma.gob.ar\/?p=431"},"modified":"2020-10-21T09:45:02","modified_gmt":"2020-10-21T12:45:02","slug":"alas-440-desde-la-sala-amancay","status":"publish","type":"post","link":"https:\/\/cultura.sma.gob.ar\/?p=431","title":{"rendered":"Alas 440 desde la Sala Amancay"},"content":{"rendered":"\n<figure class=\"wp-block-image size-large\"><img loading=\"lazy\" decoding=\"async\" width=\"793\" height=\"671\" src=\"http:\/\/cultura.sma.gob.ar\/wp-content\/uploads\/2020\/10\/Flyer-reprogramado.jpg\" alt=\"\" class=\"wp-image-432\" srcset=\"https:\/\/cultura.sma.gob.ar\/wp-content\/uploads\/2020\/10\/Flyer-reprogramado.jpg 793w, https:\/\/cultura.sma.gob.ar\/wp-content\/uploads\/2020\/10\/Flyer-reprogramado-300x254.jpg 300w, https:\/\/cultura.sma.gob.ar\/wp-content\/uploads\/2020\/10\/Flyer-reprogramado-768x650.jpg 768w, https:\/\/cultura.sma.gob.ar\/wp-content\/uploads\/2020\/10\/Flyer-reprogramado-106x90.jpg 106w\" sizes=\"auto, (max-width: 793px) 100vw, 793px\" \/><\/figure>\n\n\n\n<p>Este mi\u00e9rcoles, 21 de octubre, en el marco de una nueva presentaci\u00f3n del Ciclo &#8220;Mu.Sa.&#8221; desembarca en nuestra querida Sala Amankay, el D\u00fao ALAS 440.<br>Gustavo Tustanoski y Fabi\u00e1n D\u2019Alessandro son dos m\u00fasicos con mucho sonido, que decidieron juntarse para crear y salir al ruedo en tiempos de pandemia. Ya han realizado varias presentaciones en streaming, desde casas, bares y desde nuestra querida Sala G\u00fcnther Blaas en dos oportunidades. Este lunes traen todo su estilo a la Sala Amankay.<br>Varios instrumentos sobre las tablas, se van entramando con la variedad de estilos, desde el rock y blues al tango, y porque no una chacarera. No queda exento del repertorio canciones en otro idioma y, la diversi\u00f3n en esta variedad de objetos en el escenario.<\/p>\n\n\n\n<p>Seguilos a trav\u00e9s del Facebook Live @alas440.<br>Pueden colaborar con la banda a los siguentes links de Mercado Pago:<br>Bono contribucion. $ 200,00 &#8211;&nbsp;<a href=\"https:\/\/correo.smandes.gov.ar\/owa\/redir.aspx?C=5952da5dd04449bc939eeb5d4b801511&amp;URL=https%3a%2f%2fmpago.la%2f2NePdAP\" target=\"_blank\" rel=\"noreferrer noopener\">https:\/\/mpago.la\/2NePdAP<\/a><br>Bono contribucion. $ 400,00 &#8211;&nbsp;<a href=\"https:\/\/correo.smandes.gov.ar\/owa\/redir.aspx?C=5952da5dd04449bc939eeb5d4b801511&amp;URL=https%3a%2f%2fmpago.la%2f1Rbe6AT\" target=\"_blank\" rel=\"noreferrer noopener\">https:\/\/mpago.la\/1Rbe6AT<br><\/a>PayPal:&nbsp;<a href=\"https:\/\/correo.smandes.gov.ar\/owa\/redir.aspx?C=5952da5dd04449bc939eeb5d4b801511&amp;URL=http%3a%2f%2fpaypal.me%2fAlas440GF\" target=\"_blank\" rel=\"noreferrer noopener\">paypal.me\/Alas440GF<\/a><\/p>\n","protected":false},"excerpt":{"rendered":"<p>Miercoles 21 a las 19hs via Facebook Live <a href=\"https:\/\/cultura.sma.gob.ar\/?p=431\" class=\"more-link\">Continue reading <span class=\"screen-reader-text\">Alas 440 desde la Sala Amancay<\/span><\/a><\/p>\n","protected":false},"author":1,"featured_media":297,"comment_status":"closed","ping_status":"","sticky":false,"template":"","format":"image","meta":{"footnotes":""},"categories":[2],"tags":[],"class_list":["post-431","post","type-post","status-publish","format-image","has-post-thumbnail","hentry","category-ciudad-cultural","post_format-post-format-image"],"_links":{"self":[{"href":"https:\/\/cultura.sma.gob.ar\/index.php?rest_route=\/wp\/v2\/posts\/431","targetHints":{"allow":["GET"]}}],"collection":[{"href":"https:\/\/cultura.sma.gob.ar\/index.php?rest_route=\/wp\/v2\/posts"}],"about":[{"href":"https:\/\/cultura.sma.gob.ar\/index.php?rest_route=\/wp\/v2\/types\/post"}],"author":[{"embeddable":true,"href":"https:\/\/cultura.sma.gob.ar\/index.php?rest_route=\/wp\/v2\/users\/1"}],"replies":[{"embeddable":true,"href":"https:\/\/cultura.sma.gob.ar\/index.php?rest_route=%2Fwp%2Fv2%2Fcomments&post=431"}],"version-history":[{"count":1,"href":"https:\/\/cultura.sma.gob.ar\/index.php?rest_route=\/wp\/v2\/posts\/431\/revisions"}],"predecessor-version":[{"id":433,"href":"https:\/\/cultura.sma.gob.ar\/index.php?rest_route=\/wp\/v2\/posts\/431\/revisions\/433"}],"wp:featuredmedia":[{"embeddable":true,"href":"https:\/\/cultura.sma.gob.ar\/index.php?rest_route=\/wp\/v2\/media\/297"}],"wp:attachment":[{"href":"https:\/\/cultura.sma.gob.ar\/index.php?rest_route=%2Fwp%2Fv2%2Fmedia&parent=431"}],"wp:term":[{"taxonomy":"category","embeddable":true,"href":"https:\/\/cultura.sma.gob.ar\/index.php?rest_route=%2Fwp%2Fv2%2Fcategories&post=431"},{"taxonomy":"post_tag","embeddable":true,"href":"https:\/\/cultura.sma.gob.ar\/index.php?rest_route=%2Fwp%2Fv2%2Ftags&post=431"}],"curies":[{"name":"wp","href":"https:\/\/api.w.org\/{rel}","templated":true}]}}