{"id":4305,"date":"2022-11-23T09:23:33","date_gmt":"2022-11-23T12:23:33","guid":{"rendered":"http:\/\/cultura.sma.gob.ar\/?p=4305"},"modified":"2022-11-23T09:23:33","modified_gmt":"2022-11-23T12:23:33","slug":"albricias-presenta-bailar-la-vida-en-la-sala-amankay","status":"publish","type":"post","link":"https:\/\/cultura.sma.gob.ar\/?p=4305","title":{"rendered":"Albricias presenta &#8220;BAILAR LA VIDA&#8221; en la Sala Amankay"},"content":{"rendered":"\n<figure class=\"wp-block-image size-large\"><img loading=\"lazy\" decoding=\"async\" width=\"1024\" height=\"686\" src=\"http:\/\/cultura.sma.gob.ar\/wp-content\/uploads\/2022\/11\/Bailar-la-vida-Flyer-Albricias-1024x686.jpg\" alt=\"\" class=\"wp-image-4306\" srcset=\"https:\/\/cultura.sma.gob.ar\/wp-content\/uploads\/2022\/11\/Bailar-la-vida-Flyer-Albricias-1024x686.jpg 1024w, https:\/\/cultura.sma.gob.ar\/wp-content\/uploads\/2022\/11\/Bailar-la-vida-Flyer-Albricias-300x201.jpg 300w, https:\/\/cultura.sma.gob.ar\/wp-content\/uploads\/2022\/11\/Bailar-la-vida-Flyer-Albricias-768x514.jpg 768w, https:\/\/cultura.sma.gob.ar\/wp-content\/uploads\/2022\/11\/Bailar-la-vida-Flyer-Albricias-1536x1029.jpg 1536w, https:\/\/cultura.sma.gob.ar\/wp-content\/uploads\/2022\/11\/Bailar-la-vida-Flyer-Albricias-2048x1372.jpg 2048w, https:\/\/cultura.sma.gob.ar\/wp-content\/uploads\/2022\/11\/Bailar-la-vida-Flyer-Albricias-134x90.jpg 134w\" sizes=\"auto, (max-width: 1024px) 100vw, 1024px\" \/><\/figure>\n\n\n\n<p>El pr\u00f3ximo s\u00e1bado, 03 de diciembre a las 21hs, recibimos el \u00faltimo mes del a\u00f1o con otro gran espect\u00e1culo en la Sala Amankay. El Grupo de Danzas Albricias presenta \u201cBAILAR LA VIDA\u201d.<\/p>\n\n\n\n<p>\u201cBailar la vida\u201d es ponerle color a las penas. Es buscar cada d\u00eda momentos felices. Es caer, fracasar, levantarse y volver a empezar.<br>Es buscar el camino de la superaci\u00f3n y de la libertad. Es atreverse a ser feliz.<br>Albricias y sus amigos de la danza los invitan a compartir un momento de &#8220;alegr\u00eda, pasi\u00f3n y energ\u00eda\u201d.<\/p>\n\n\n\n<p>Entrada General $1.000.- En venta en la Boleteria del Centro Cultural Cotesma de martes a domingo de 16hs a 22hs.<\/p>\n","protected":false},"excerpt":{"rendered":"<p>El pr\u00f3ximo s\u00e1bado, 03 de diciembre a las 21hs, recibimos el \u00faltimo mes del a\u00f1o con otro gran espect\u00e1culo en la Sala Amankay. El Grupo de Danzas Albricias presenta \u201cBAILAR LA VIDA\u201d. \u201cBailar la vida\u201d es ponerle color a las penas. Es buscar cada d\u00eda momentos felices. Es caer, fracasar, levantarse y volver a empezar.Es buscar el camino de la superaci\u00f3n y de la libertad. &hellip; <a href=\"https:\/\/cultura.sma.gob.ar\/?p=4305\" class=\"more-link\">Continue reading <span class=\"screen-reader-text\">Albricias presenta &#8220;BAILAR LA VIDA&#8221; en la Sala Amankay<\/span><\/a><\/p>\n","protected":false},"author":1,"featured_media":297,"comment_status":"closed","ping_status":"","sticky":false,"template":"","format":"image","meta":{"footnotes":""},"categories":[2,9],"tags":[],"class_list":["post-4305","post","type-post","status-publish","format-image","has-post-thumbnail","hentry","category-ciudad-cultural","category-ultimas-noticias","post_format-post-format-image"],"_links":{"self":[{"href":"https:\/\/cultura.sma.gob.ar\/index.php?rest_route=\/wp\/v2\/posts\/4305","targetHints":{"allow":["GET"]}}],"collection":[{"href":"https:\/\/cultura.sma.gob.ar\/index.php?rest_route=\/wp\/v2\/posts"}],"about":[{"href":"https:\/\/cultura.sma.gob.ar\/index.php?rest_route=\/wp\/v2\/types\/post"}],"author":[{"embeddable":true,"href":"https:\/\/cultura.sma.gob.ar\/index.php?rest_route=\/wp\/v2\/users\/1"}],"replies":[{"embeddable":true,"href":"https:\/\/cultura.sma.gob.ar\/index.php?rest_route=%2Fwp%2Fv2%2Fcomments&post=4305"}],"version-history":[{"count":1,"href":"https:\/\/cultura.sma.gob.ar\/index.php?rest_route=\/wp\/v2\/posts\/4305\/revisions"}],"predecessor-version":[{"id":4307,"href":"https:\/\/cultura.sma.gob.ar\/index.php?rest_route=\/wp\/v2\/posts\/4305\/revisions\/4307"}],"wp:featuredmedia":[{"embeddable":true,"href":"https:\/\/cultura.sma.gob.ar\/index.php?rest_route=\/wp\/v2\/media\/297"}],"wp:attachment":[{"href":"https:\/\/cultura.sma.gob.ar\/index.php?rest_route=%2Fwp%2Fv2%2Fmedia&parent=4305"}],"wp:term":[{"taxonomy":"category","embeddable":true,"href":"https:\/\/cultura.sma.gob.ar\/index.php?rest_route=%2Fwp%2Fv2%2Fcategories&post=4305"},{"taxonomy":"post_tag","embeddable":true,"href":"https:\/\/cultura.sma.gob.ar\/index.php?rest_route=%2Fwp%2Fv2%2Ftags&post=4305"}],"curies":[{"name":"wp","href":"https:\/\/api.w.org\/{rel}","templated":true}]}}