{"id":4301,"date":"2022-11-23T09:22:21","date_gmt":"2022-11-23T12:22:21","guid":{"rendered":"http:\/\/cultura.sma.gob.ar\/?p=4301"},"modified":"2022-11-23T09:22:21","modified_gmt":"2022-11-23T12:22:21","slug":"muestras-de-dance-factory-en-la-sala-amankay","status":"publish","type":"post","link":"https:\/\/cultura.sma.gob.ar\/?p=4301","title":{"rendered":"Muestras de Dance Factory en la Sala Amankay"},"content":{"rendered":"\n<figure class=\"wp-block-image size-large\"><img loading=\"lazy\" decoding=\"async\" width=\"797\" height=\"1024\" src=\"http:\/\/cultura.sma.gob.ar\/wp-content\/uploads\/2022\/11\/Dance-Factory-KIDS-797x1024.jpg\" alt=\"\" class=\"wp-image-4302\" srcset=\"https:\/\/cultura.sma.gob.ar\/wp-content\/uploads\/2022\/11\/Dance-Factory-KIDS-797x1024.jpg 797w, https:\/\/cultura.sma.gob.ar\/wp-content\/uploads\/2022\/11\/Dance-Factory-KIDS-233x300.jpg 233w, https:\/\/cultura.sma.gob.ar\/wp-content\/uploads\/2022\/11\/Dance-Factory-KIDS-768x987.jpg 768w, https:\/\/cultura.sma.gob.ar\/wp-content\/uploads\/2022\/11\/Dance-Factory-KIDS-1195x1536.jpg 1195w, https:\/\/cultura.sma.gob.ar\/wp-content\/uploads\/2022\/11\/Dance-Factory-KIDS-70x90.jpg 70w, https:\/\/cultura.sma.gob.ar\/wp-content\/uploads\/2022\/11\/Dance-Factory-KIDS.jpg 1245w\" sizes=\"auto, (max-width: 797px) 100vw, 797px\" \/><\/figure>\n\n\n\n<figure class=\"wp-block-image size-large\"><img loading=\"lazy\" decoding=\"async\" width=\"576\" height=\"1024\" src=\"http:\/\/cultura.sma.gob.ar\/wp-content\/uploads\/2022\/11\/Dance-Factory-ADOLESCENTES-576x1024.jpg\" alt=\"\" class=\"wp-image-4303\" srcset=\"https:\/\/cultura.sma.gob.ar\/wp-content\/uploads\/2022\/11\/Dance-Factory-ADOLESCENTES-576x1024.jpg 576w, https:\/\/cultura.sma.gob.ar\/wp-content\/uploads\/2022\/11\/Dance-Factory-ADOLESCENTES-169x300.jpg 169w, https:\/\/cultura.sma.gob.ar\/wp-content\/uploads\/2022\/11\/Dance-Factory-ADOLESCENTES-768x1365.jpg 768w, https:\/\/cultura.sma.gob.ar\/wp-content\/uploads\/2022\/11\/Dance-Factory-ADOLESCENTES-864x1536.jpg 864w, https:\/\/cultura.sma.gob.ar\/wp-content\/uploads\/2022\/11\/Dance-Factory-ADOLESCENTES-51x90.jpg 51w, https:\/\/cultura.sma.gob.ar\/wp-content\/uploads\/2022\/11\/Dance-Factory-ADOLESCENTES.jpg 900w\" sizes=\"auto, (max-width: 576px) 100vw, 576px\" \/><\/figure>\n\n\n\n<p>Estimados, gusto en saludarles. Llegan las Muestras de Dance Factory a la Sala Amankay.<\/p>\n\n\n\n<p>El pr\u00f3ximo domingo, 11 de diciembre a las 18hs y a las 20hs; y el martes 13 a las 20hs y a las 21:30hs, Dace Factory presenta sus Muestras de los Grupos KIDS y ADOLESCENTES, respectivamente.<br><br>\u00bf\u00a1Que mejor forma de compartir un poco la m\u00fasica entre padres e hijos que con tem\u00e1tica de los 90-2010!?.<br>Como todos los a\u00f1os, una muestra para compartir todo lo trabajado la segunda mitad de a\u00f1o.<br>Las entradas ya est\u00e1n a la venta.<\/p>\n","protected":false},"excerpt":{"rendered":"<p>Estimados, gusto en saludarles. Llegan las Muestras de Dance Factory a la Sala Amankay. El pr\u00f3ximo domingo, 11 de diciembre a las 18hs y a las 20hs; y el martes 13 a las 20hs y a las 21:30hs, Dace Factory presenta sus Muestras de los Grupos KIDS y ADOLESCENTES, respectivamente. \u00bf\u00a1Que mejor forma de compartir un poco la m\u00fasica entre padres e hijos que con &hellip; <a href=\"https:\/\/cultura.sma.gob.ar\/?p=4301\" class=\"more-link\">Continue reading <span class=\"screen-reader-text\">Muestras de Dance Factory en la Sala Amankay<\/span><\/a><\/p>\n","protected":false},"author":1,"featured_media":297,"comment_status":"closed","ping_status":"","sticky":false,"template":"","format":"image","meta":{"footnotes":""},"categories":[2,9],"tags":[],"class_list":["post-4301","post","type-post","status-publish","format-image","has-post-thumbnail","hentry","category-ciudad-cultural","category-ultimas-noticias","post_format-post-format-image"],"_links":{"self":[{"href":"https:\/\/cultura.sma.gob.ar\/index.php?rest_route=\/wp\/v2\/posts\/4301","targetHints":{"allow":["GET"]}}],"collection":[{"href":"https:\/\/cultura.sma.gob.ar\/index.php?rest_route=\/wp\/v2\/posts"}],"about":[{"href":"https:\/\/cultura.sma.gob.ar\/index.php?rest_route=\/wp\/v2\/types\/post"}],"author":[{"embeddable":true,"href":"https:\/\/cultura.sma.gob.ar\/index.php?rest_route=\/wp\/v2\/users\/1"}],"replies":[{"embeddable":true,"href":"https:\/\/cultura.sma.gob.ar\/index.php?rest_route=%2Fwp%2Fv2%2Fcomments&post=4301"}],"version-history":[{"count":1,"href":"https:\/\/cultura.sma.gob.ar\/index.php?rest_route=\/wp\/v2\/posts\/4301\/revisions"}],"predecessor-version":[{"id":4304,"href":"https:\/\/cultura.sma.gob.ar\/index.php?rest_route=\/wp\/v2\/posts\/4301\/revisions\/4304"}],"wp:featuredmedia":[{"embeddable":true,"href":"https:\/\/cultura.sma.gob.ar\/index.php?rest_route=\/wp\/v2\/media\/297"}],"wp:attachment":[{"href":"https:\/\/cultura.sma.gob.ar\/index.php?rest_route=%2Fwp%2Fv2%2Fmedia&parent=4301"}],"wp:term":[{"taxonomy":"category","embeddable":true,"href":"https:\/\/cultura.sma.gob.ar\/index.php?rest_route=%2Fwp%2Fv2%2Fcategories&post=4301"},{"taxonomy":"post_tag","embeddable":true,"href":"https:\/\/cultura.sma.gob.ar\/index.php?rest_route=%2Fwp%2Fv2%2Ftags&post=4301"}],"curies":[{"name":"wp","href":"https:\/\/api.w.org\/{rel}","templated":true}]}}