{"id":4298,"date":"2022-11-23T09:19:56","date_gmt":"2022-11-23T12:19:56","guid":{"rendered":"http:\/\/cultura.sma.gob.ar\/?p=4298"},"modified":"2022-11-23T09:19:56","modified_gmt":"2022-11-23T12:19:56","slug":"il-postino-cierra-la-temporada-de-proyecciones-en-la-sala-gunther","status":"publish","type":"post","link":"https:\/\/cultura.sma.gob.ar\/?p=4298","title":{"rendered":"&#8220;IL POSTINO&#8221; cierra la temporada de proyecciones en la sala G\u00fcnther"},"content":{"rendered":"\n<figure class=\"wp-block-image size-large\"><img loading=\"lazy\" decoding=\"async\" width=\"820\" height=\"482\" src=\"http:\/\/cultura.sma.gob.ar\/wp-content\/uploads\/2022\/11\/Il-postino-2.jpg\" alt=\"\" class=\"wp-image-4299\" srcset=\"https:\/\/cultura.sma.gob.ar\/wp-content\/uploads\/2022\/11\/Il-postino-2.jpg 820w, https:\/\/cultura.sma.gob.ar\/wp-content\/uploads\/2022\/11\/Il-postino-2-300x176.jpg 300w, https:\/\/cultura.sma.gob.ar\/wp-content\/uploads\/2022\/11\/Il-postino-2-768x451.jpg 768w, https:\/\/cultura.sma.gob.ar\/wp-content\/uploads\/2022\/11\/Il-postino-2-153x90.jpg 153w\" sizes=\"auto, (max-width: 820px) 100vw, 820px\" \/><\/figure>\n\n\n\n<p>El pr\u00f3ximo jueves, 24 de Noviembre a las 20:30hs en la Sala G\u00fcnther Blaas del Centro Cultural Cotesma, finalizamos la 6ta. Temporada de Proyecciones a la gorra. Como los a\u00f1os anteriores, la programaci\u00f3n y la presentaci\u00f3n est\u00e1 a cargo de Guillermo Ianniello, este a\u00f1o a beneficio del Club de Leones San Mart\u00edn de los Andes \u2013 Chapelco.<br>La Funci\u00f3n Especial de cierre de temporada, es con la proyecci\u00f3n de la pel\u00edcula \u201cEL CARTERO DE NERUDA (il postino)\u201d dirigida por Massimo Troisi y protagonizada por Philippe Noiret, Massimo Troisi y Mar\u00eda Grazia Cucinotta.<\/p>\n\n\n\n<p>\u201cEl Cartero de Neruda\u201d. (Il Postino)<br>Gracias a la fuerza de su fotograf\u00eda (que nos muestra unos preciosos paisajes), su envolvente banda sonora ganadora de un Oscar (compuesta por el argentino Luis Enrique Bacalov) y las soberbias interpretaciones de Massimo Troisi y Philippe Noiret, naci\u00f3 una de las mejores pel\u00edculas de la historia del cine italiano.<\/p>\n\n\n\n<p>Bella, apasionante y sumergida en una atm\u00f3sfera tranquila, la pel\u00edcula nos cuenta la historia de Mario (Massimo Troisi), un humilde y sencillo cartero auxiliar que tiene como \u00fanica funci\u00f3n entregar el correo al poeta chileno Pablo Neruda (Philippe Noiret), que se encuentra residiendo temporalmente en Italia debido al exilio de su pa\u00eds por razones pol\u00edticas.<\/p>\n\n\n\n<p>Sincera y tierna pel\u00edcula que consigue conectar dos mundos, aparentemente distantes, representados por una figura del mundo de la literatura y por un modesto cartero del sur de Italia. Neruda ense\u00f1a al cartero a usar la met\u00e1fora como herramienta de seducci\u00f3n y recibe de \u00e9ste un oportuno aliento vital en su resignado exilio.<\/p>\n\n\n\n<p>La pel\u00edcula es una preciosidad. Pura poes\u00eda.<\/p>\n\n\n\n<p>El actor y director Massimo Troisi fallecer\u00eda apenas 24 horas despu\u00e9s de finalizar el rodaje, a causa de una enfermedad card\u00edaca arrastrada desde hac\u00eda tiempo, dejando como legado, entre otras pel\u00edculas, esta hermosa cinta engrandecida por su genial interpretaci\u00f3n, la que \u00e9l, desafortunadamente, no pudo llegar a ver.<\/p>\n\n\n\n<p>Nunca olvidar\u00e9 esta pel\u00edcula, bella obra de arte plena de sensibilidad, sentido del humor, amistad y amor.<\/p>\n\n\n\n<p>Para la historia quedar\u00e1 una de las interpretaciones m\u00e1s sugerentes, matizadas y perfectas que nunca haya realizado un actor con un personaje como ese cartero sencillo y vital, generoso y noble, t\u00edmido y elocuente, humilde y a la vez realzado por esa amistad grandiosa, que, a trav\u00e9s de la palabra, cambia su vida para siempre.<br>Y, quiz\u00e1s, tambi\u00e9n las nuestras\u2026 Joya cin\u00e9fila absoluta e inolvidable.<\/p>\n\n\n\n<p>Duraci\u00f3n: 1 h.55\u2019 \u2013 &nbsp;<\/p>\n","protected":false},"excerpt":{"rendered":"<p>El pr\u00f3ximo jueves, 24 de Noviembre a las 20:30hs en la Sala G\u00fcnther Blaas del Centro Cultural Cotesma, finalizamos la 6ta. Temporada de Proyecciones a la gorra. Como los a\u00f1os anteriores, la programaci\u00f3n y la presentaci\u00f3n est\u00e1 a cargo de Guillermo Ianniello, este a\u00f1o a beneficio del Club de Leones San Mart\u00edn de los Andes \u2013 Chapelco.La Funci\u00f3n Especial de cierre de temporada, es con &hellip; <a href=\"https:\/\/cultura.sma.gob.ar\/?p=4298\" class=\"more-link\">Continue reading <span class=\"screen-reader-text\">&#8220;IL POSTINO&#8221; cierra la temporada de proyecciones en la sala G\u00fcnther<\/span><\/a><\/p>\n","protected":false},"author":1,"featured_media":297,"comment_status":"closed","ping_status":"","sticky":false,"template":"","format":"image","meta":{"footnotes":""},"categories":[2,9],"tags":[],"class_list":["post-4298","post","type-post","status-publish","format-image","has-post-thumbnail","hentry","category-ciudad-cultural","category-ultimas-noticias","post_format-post-format-image"],"_links":{"self":[{"href":"https:\/\/cultura.sma.gob.ar\/index.php?rest_route=\/wp\/v2\/posts\/4298","targetHints":{"allow":["GET"]}}],"collection":[{"href":"https:\/\/cultura.sma.gob.ar\/index.php?rest_route=\/wp\/v2\/posts"}],"about":[{"href":"https:\/\/cultura.sma.gob.ar\/index.php?rest_route=\/wp\/v2\/types\/post"}],"author":[{"embeddable":true,"href":"https:\/\/cultura.sma.gob.ar\/index.php?rest_route=\/wp\/v2\/users\/1"}],"replies":[{"embeddable":true,"href":"https:\/\/cultura.sma.gob.ar\/index.php?rest_route=%2Fwp%2Fv2%2Fcomments&post=4298"}],"version-history":[{"count":1,"href":"https:\/\/cultura.sma.gob.ar\/index.php?rest_route=\/wp\/v2\/posts\/4298\/revisions"}],"predecessor-version":[{"id":4300,"href":"https:\/\/cultura.sma.gob.ar\/index.php?rest_route=\/wp\/v2\/posts\/4298\/revisions\/4300"}],"wp:featuredmedia":[{"embeddable":true,"href":"https:\/\/cultura.sma.gob.ar\/index.php?rest_route=\/wp\/v2\/media\/297"}],"wp:attachment":[{"href":"https:\/\/cultura.sma.gob.ar\/index.php?rest_route=%2Fwp%2Fv2%2Fmedia&parent=4298"}],"wp:term":[{"taxonomy":"category","embeddable":true,"href":"https:\/\/cultura.sma.gob.ar\/index.php?rest_route=%2Fwp%2Fv2%2Fcategories&post=4298"},{"taxonomy":"post_tag","embeddable":true,"href":"https:\/\/cultura.sma.gob.ar\/index.php?rest_route=%2Fwp%2Fv2%2Ftags&post=4298"}],"curies":[{"name":"wp","href":"https:\/\/api.w.org\/{rel}","templated":true}]}}