{"id":4294,"date":"2022-11-23T09:18:13","date_gmt":"2022-11-23T12:18:13","guid":{"rendered":"http:\/\/cultura.sma.gob.ar\/?p=4294"},"modified":"2022-11-23T09:18:13","modified_gmt":"2022-11-23T12:18:13","slug":"muestras-del-estudio-de-actuacion-mariano-tenaglia","status":"publish","type":"post","link":"https:\/\/cultura.sma.gob.ar\/?p=4294","title":{"rendered":"Muestras del Estudio de Actuaci\u00f3n Mariano Tenaglia"},"content":{"rendered":"\n<figure class=\"wp-block-image size-large\"><img loading=\"lazy\" decoding=\"async\" width=\"536\" height=\"750\" src=\"http:\/\/cultura.sma.gob.ar\/wp-content\/uploads\/2022\/11\/Flyer-Mordiendo-Banquina.jpeg\" alt=\"\" class=\"wp-image-4295\" srcset=\"https:\/\/cultura.sma.gob.ar\/wp-content\/uploads\/2022\/11\/Flyer-Mordiendo-Banquina.jpeg 536w, https:\/\/cultura.sma.gob.ar\/wp-content\/uploads\/2022\/11\/Flyer-Mordiendo-Banquina-214x300.jpeg 214w, https:\/\/cultura.sma.gob.ar\/wp-content\/uploads\/2022\/11\/Flyer-Mordiendo-Banquina-64x90.jpeg 64w\" sizes=\"auto, (max-width: 536px) 100vw, 536px\" \/><\/figure>\n\n\n\n<figure class=\"wp-block-image size-large\"><img loading=\"lazy\" decoding=\"async\" width=\"530\" height=\"750\" src=\"http:\/\/cultura.sma.gob.ar\/wp-content\/uploads\/2022\/11\/Flyer-Mini-Tanos-Final.jpg\" alt=\"\" class=\"wp-image-4296\" srcset=\"https:\/\/cultura.sma.gob.ar\/wp-content\/uploads\/2022\/11\/Flyer-Mini-Tanos-Final.jpg 530w, https:\/\/cultura.sma.gob.ar\/wp-content\/uploads\/2022\/11\/Flyer-Mini-Tanos-Final-212x300.jpg 212w, https:\/\/cultura.sma.gob.ar\/wp-content\/uploads\/2022\/11\/Flyer-Mini-Tanos-Final-64x90.jpg 64w\" sizes=\"auto, (max-width: 530px) 100vw, 530px\" \/><\/figure>\n\n\n\n<p>El pr\u00f3ximo domingo, 27 de noviembre, el Estudio de Actuaci\u00f3n Mariano Tenaglia desembarca en nuestra querida Sala Amankay para presentar las Muestras de Fin de A\u00f1os de dos Grupos de la Escuela.<br>A las 18hs es el turno del Grupo de Ni\u00f1os &#8220;MINI TANOS&#8221; con una tarde llena de distintas comedias divertid\u00edsimas de Emilio Ferrero;<br>Y a las 21hs, es el turno del Grupo &#8220;MORDIENDO BANQUINA&#8221; con su Muestra Hom\u00f3nima de cierre de Primer a\u00f1o. 6 Obras in\u00e9ditas y 11 actores en escena para una velada llena de comedia.<\/p>\n\n\n\n<p>Las entradas ya est\u00e1n a la venta en la boleteria del Centro Cultural. De martes a domingo de 16hs a 22hs.<br>Entrada General $800.-<\/p>\n","protected":false},"excerpt":{"rendered":"<p>El pr\u00f3ximo domingo, 27 de noviembre, el Estudio de Actuaci\u00f3n Mariano Tenaglia desembarca en nuestra querida Sala Amankay para presentar las Muestras de Fin de A\u00f1os de dos Grupos de la Escuela.A las 18hs es el turno del Grupo de Ni\u00f1os &#8220;MINI TANOS&#8221; con una tarde llena de distintas comedias divertid\u00edsimas de Emilio Ferrero;Y a las 21hs, es el turno del Grupo &#8220;MORDIENDO BANQUINA&#8221; con &hellip; <a href=\"https:\/\/cultura.sma.gob.ar\/?p=4294\" class=\"more-link\">Continue reading <span class=\"screen-reader-text\">Muestras del Estudio de Actuaci\u00f3n Mariano Tenaglia<\/span><\/a><\/p>\n","protected":false},"author":1,"featured_media":297,"comment_status":"closed","ping_status":"","sticky":false,"template":"","format":"image","meta":{"footnotes":""},"categories":[2,9],"tags":[],"class_list":["post-4294","post","type-post","status-publish","format-image","has-post-thumbnail","hentry","category-ciudad-cultural","category-ultimas-noticias","post_format-post-format-image"],"_links":{"self":[{"href":"https:\/\/cultura.sma.gob.ar\/index.php?rest_route=\/wp\/v2\/posts\/4294","targetHints":{"allow":["GET"]}}],"collection":[{"href":"https:\/\/cultura.sma.gob.ar\/index.php?rest_route=\/wp\/v2\/posts"}],"about":[{"href":"https:\/\/cultura.sma.gob.ar\/index.php?rest_route=\/wp\/v2\/types\/post"}],"author":[{"embeddable":true,"href":"https:\/\/cultura.sma.gob.ar\/index.php?rest_route=\/wp\/v2\/users\/1"}],"replies":[{"embeddable":true,"href":"https:\/\/cultura.sma.gob.ar\/index.php?rest_route=%2Fwp%2Fv2%2Fcomments&post=4294"}],"version-history":[{"count":1,"href":"https:\/\/cultura.sma.gob.ar\/index.php?rest_route=\/wp\/v2\/posts\/4294\/revisions"}],"predecessor-version":[{"id":4297,"href":"https:\/\/cultura.sma.gob.ar\/index.php?rest_route=\/wp\/v2\/posts\/4294\/revisions\/4297"}],"wp:featuredmedia":[{"embeddable":true,"href":"https:\/\/cultura.sma.gob.ar\/index.php?rest_route=\/wp\/v2\/media\/297"}],"wp:attachment":[{"href":"https:\/\/cultura.sma.gob.ar\/index.php?rest_route=%2Fwp%2Fv2%2Fmedia&parent=4294"}],"wp:term":[{"taxonomy":"category","embeddable":true,"href":"https:\/\/cultura.sma.gob.ar\/index.php?rest_route=%2Fwp%2Fv2%2Fcategories&post=4294"},{"taxonomy":"post_tag","embeddable":true,"href":"https:\/\/cultura.sma.gob.ar\/index.php?rest_route=%2Fwp%2Fv2%2Ftags&post=4294"}],"curies":[{"name":"wp","href":"https:\/\/api.w.org\/{rel}","templated":true}]}}