{"id":429,"date":"2020-10-21T09:38:47","date_gmt":"2020-10-21T12:38:47","guid":{"rendered":"http:\/\/cultura.sma.gob.ar\/?p=429"},"modified":"2020-10-21T09:53:54","modified_gmt":"2020-10-21T12:53:54","slug":"canciones-con-gusto-a-mate-compartido-cena-show","status":"publish","type":"post","link":"https:\/\/cultura.sma.gob.ar\/?p=429","title":{"rendered":"Canciones con gusto a mate compartido: cena show"},"content":{"rendered":"\n<figure class=\"wp-block-image size-large\"><img loading=\"lazy\" decoding=\"async\" width=\"759\" height=\"1000\" src=\"http:\/\/cultura.sma.gob.ar\/wp-content\/uploads\/2020\/10\/Maria-Laura-Ollesch-Piccolo.jpg\" alt=\"\" class=\"wp-image-440\" srcset=\"https:\/\/cultura.sma.gob.ar\/wp-content\/uploads\/2020\/10\/Maria-Laura-Ollesch-Piccolo.jpg 759w, https:\/\/cultura.sma.gob.ar\/wp-content\/uploads\/2020\/10\/Maria-Laura-Ollesch-Piccolo-228x300.jpg 228w, https:\/\/cultura.sma.gob.ar\/wp-content\/uploads\/2020\/10\/Maria-Laura-Ollesch-Piccolo-68x90.jpg 68w\" sizes=\"auto, (max-width: 759px) 100vw, 759px\" \/><\/figure>\n\n\n\n<p><strong>Mar\u00eda Laura Ollesch<\/strong>, m\u00fasica, cantante, docente de m\u00fasica y canto, hacedora cultural, directora de la murga La Minuta, dar\u00e1 un <strong>concierto \u00edntimo en el PICCOLO Teatro<\/strong>, el <strong>pr\u00f3ximo s\u00e1bado 24 de octubre a las 21hs.<\/strong><\/p>\n\n\n\n<p>Oriunda del litoral argentino, Mar\u00eda Laura es influenciada por la cultura de ambas orillas del R\u00edo Uruguay. En esta oportunidad, no s\u00f3lo interpretar\u00e1 canciones de Jorge Fandermole, Fernando Cabrera, Ed\u00fa \u201cPitufo\u201d Lombardo, Jes\u00fas Fern\u00e1ndez y otres grandes artistas que influenciaron los g\u00e9neros de ambos pa\u00edses, sino que tambi\u00e9n presentar\u00e1 temas propios.<\/p>\n\n\n\n<p>En esta ocasi\u00f3n, participar\u00e1n como invitadxs Macrela Lucero, Ana Grossi y, en la percusi\u00f3n, Cach\u00fa Carrizo.<\/p>\n\n\n\n<p>Cupo limitado para cuidarte y cuidarnos.<\/p>\n\n\n\n<p>Reservas al 2944 932212.<\/p>\n","protected":false},"excerpt":{"rendered":"<p>S\u00e1bado 24 a las 21hs en el Teatro Piccolo <a href=\"https:\/\/cultura.sma.gob.ar\/?p=429\" class=\"more-link\">Continue reading <span class=\"screen-reader-text\">Canciones con gusto a mate compartido: cena show<\/span><\/a><\/p>\n","protected":false},"author":1,"featured_media":297,"comment_status":"closed","ping_status":"","sticky":false,"template":"","format":"image","meta":{"footnotes":""},"categories":[2],"tags":[],"class_list":["post-429","post","type-post","status-publish","format-image","has-post-thumbnail","hentry","category-ciudad-cultural","post_format-post-format-image"],"_links":{"self":[{"href":"https:\/\/cultura.sma.gob.ar\/index.php?rest_route=\/wp\/v2\/posts\/429","targetHints":{"allow":["GET"]}}],"collection":[{"href":"https:\/\/cultura.sma.gob.ar\/index.php?rest_route=\/wp\/v2\/posts"}],"about":[{"href":"https:\/\/cultura.sma.gob.ar\/index.php?rest_route=\/wp\/v2\/types\/post"}],"author":[{"embeddable":true,"href":"https:\/\/cultura.sma.gob.ar\/index.php?rest_route=\/wp\/v2\/users\/1"}],"replies":[{"embeddable":true,"href":"https:\/\/cultura.sma.gob.ar\/index.php?rest_route=%2Fwp%2Fv2%2Fcomments&post=429"}],"version-history":[{"count":2,"href":"https:\/\/cultura.sma.gob.ar\/index.php?rest_route=\/wp\/v2\/posts\/429\/revisions"}],"predecessor-version":[{"id":441,"href":"https:\/\/cultura.sma.gob.ar\/index.php?rest_route=\/wp\/v2\/posts\/429\/revisions\/441"}],"wp:featuredmedia":[{"embeddable":true,"href":"https:\/\/cultura.sma.gob.ar\/index.php?rest_route=\/wp\/v2\/media\/297"}],"wp:attachment":[{"href":"https:\/\/cultura.sma.gob.ar\/index.php?rest_route=%2Fwp%2Fv2%2Fmedia&parent=429"}],"wp:term":[{"taxonomy":"category","embeddable":true,"href":"https:\/\/cultura.sma.gob.ar\/index.php?rest_route=%2Fwp%2Fv2%2Fcategories&post=429"},{"taxonomy":"post_tag","embeddable":true,"href":"https:\/\/cultura.sma.gob.ar\/index.php?rest_route=%2Fwp%2Fv2%2Ftags&post=429"}],"curies":[{"name":"wp","href":"https:\/\/api.w.org\/{rel}","templated":true}]}}