{"id":4288,"date":"2022-11-16T18:19:14","date_gmt":"2022-11-16T21:19:14","guid":{"rendered":"http:\/\/cultura.sma.gob.ar\/?p=4288"},"modified":"2022-11-16T18:19:14","modified_gmt":"2022-11-16T21:19:14","slug":"nueva-jornada-de-cine-adaptado-en-el-centro-cultural-cotesma","status":"publish","type":"post","link":"https:\/\/cultura.sma.gob.ar\/?p=4288","title":{"rendered":"Nueva jornada de Cine Adaptado en el Centro Cultural Cotesma"},"content":{"rendered":"\n<figure class=\"wp-block-image size-large\"><img loading=\"lazy\" decoding=\"async\" width=\"1024\" height=\"1024\" src=\"http:\/\/cultura.sma.gob.ar\/wp-content\/uploads\/2022\/11\/Cine-adaptado-1024x1024.jpg\" alt=\"\" class=\"wp-image-4289\" srcset=\"https:\/\/cultura.sma.gob.ar\/wp-content\/uploads\/2022\/11\/Cine-adaptado-1024x1024.jpg 1024w, https:\/\/cultura.sma.gob.ar\/wp-content\/uploads\/2022\/11\/Cine-adaptado-300x300.jpg 300w, https:\/\/cultura.sma.gob.ar\/wp-content\/uploads\/2022\/11\/Cine-adaptado-150x150.jpg 150w, https:\/\/cultura.sma.gob.ar\/wp-content\/uploads\/2022\/11\/Cine-adaptado-768x768.jpg 768w, https:\/\/cultura.sma.gob.ar\/wp-content\/uploads\/2022\/11\/Cine-adaptado-90x90.jpg 90w, https:\/\/cultura.sma.gob.ar\/wp-content\/uploads\/2022\/11\/Cine-adaptado.jpg 1080w\" sizes=\"auto, (max-width: 1024px) 100vw, 1024px\" \/><\/figure>\n\n\n\n<figure class=\"wp-block-image size-large\"><img loading=\"lazy\" decoding=\"async\" width=\"1024\" height=\"1024\" src=\"http:\/\/cultura.sma.gob.ar\/wp-content\/uploads\/2022\/11\/Tadeo-Cine-Adaptado-23-11-1024x1024.jpg\" alt=\"\" class=\"wp-image-4290\" srcset=\"https:\/\/cultura.sma.gob.ar\/wp-content\/uploads\/2022\/11\/Tadeo-Cine-Adaptado-23-11-1024x1024.jpg 1024w, https:\/\/cultura.sma.gob.ar\/wp-content\/uploads\/2022\/11\/Tadeo-Cine-Adaptado-23-11-300x300.jpg 300w, https:\/\/cultura.sma.gob.ar\/wp-content\/uploads\/2022\/11\/Tadeo-Cine-Adaptado-23-11-150x150.jpg 150w, https:\/\/cultura.sma.gob.ar\/wp-content\/uploads\/2022\/11\/Tadeo-Cine-Adaptado-23-11-768x768.jpg 768w, https:\/\/cultura.sma.gob.ar\/wp-content\/uploads\/2022\/11\/Tadeo-Cine-Adaptado-23-11-90x90.jpg 90w, https:\/\/cultura.sma.gob.ar\/wp-content\/uploads\/2022\/11\/Tadeo-Cine-Adaptado-23-11.jpg 1080w\" sizes=\"auto, (max-width: 1024px) 100vw, 1024px\" \/><\/figure>\n\n\n\n<p>Estimados, gusto en saludarlos, les escribimos nuevamente para contarles y a trav\u00e9s suyo a toda la comunidad, otra gran noticia. El pr\u00f3ximo mi\u00e9rcoles, 23 de septiembre a las 17hs, la proyecci\u00f3n de &#8220;TADEO EL EXPLORADOR 3: LA MALDICI\u00d3N DE LA MOMIA&#8221;, ser\u00e1 una proyecci\u00f3n de Cine Adaptado, Inclusivo, de Puertas Abiertas. Segunda experiencia del a\u00f1o.<\/p>\n\n\n\n<p>\u00bfEn qu\u00e9 consiste esta proyecci\u00f3n, que es especial, pero abierta a todo p\u00fablico?<br>Es una propuesta de esparcimiento para personas que necesiten un ambiente un poco m\u00e1s relajado. La sala se mantiene con una luz tenue, es decir que no est\u00e1 totalmente a oscuras, el volumen es un poco mas suave, si un espectador necesita moverse, puede hacerlo en pasillos o entrar y salir de la sala las veces que lo necesite y es posible conversar de manera respetuosa, si el ni\u00f1o o ni\u00f1a requieren contenci\u00f3n o apoyo para sostener la atenci\u00f3n en la proyecci\u00f3n.<br>Agradecemos el apoyo y la participaci\u00f3n del Centro Cultural Cotesma.<\/p>\n\n\n\n<p>Los esperamos.<\/p>\n","protected":false},"excerpt":{"rendered":"<p>Estimados, gusto en saludarlos, les escribimos nuevamente para contarles y a trav\u00e9s suyo a toda la comunidad, otra gran noticia. El pr\u00f3ximo mi\u00e9rcoles, 23 de septiembre a las 17hs, la proyecci\u00f3n de &#8220;TADEO EL EXPLORADOR 3: LA MALDICI\u00d3N DE LA MOMIA&#8221;, ser\u00e1 una proyecci\u00f3n de Cine Adaptado, Inclusivo, de Puertas Abiertas. Segunda experiencia del a\u00f1o. \u00bfEn qu\u00e9 consiste esta proyecci\u00f3n, que es especial, pero abierta &hellip; <a href=\"https:\/\/cultura.sma.gob.ar\/?p=4288\" class=\"more-link\">Continue reading <span class=\"screen-reader-text\">Nueva jornada de Cine Adaptado en el Centro Cultural Cotesma<\/span><\/a><\/p>\n","protected":false},"author":1,"featured_media":297,"comment_status":"closed","ping_status":"","sticky":false,"template":"","format":"image","meta":{"footnotes":""},"categories":[2,9],"tags":[],"class_list":["post-4288","post","type-post","status-publish","format-image","has-post-thumbnail","hentry","category-ciudad-cultural","category-ultimas-noticias","post_format-post-format-image"],"_links":{"self":[{"href":"https:\/\/cultura.sma.gob.ar\/index.php?rest_route=\/wp\/v2\/posts\/4288","targetHints":{"allow":["GET"]}}],"collection":[{"href":"https:\/\/cultura.sma.gob.ar\/index.php?rest_route=\/wp\/v2\/posts"}],"about":[{"href":"https:\/\/cultura.sma.gob.ar\/index.php?rest_route=\/wp\/v2\/types\/post"}],"author":[{"embeddable":true,"href":"https:\/\/cultura.sma.gob.ar\/index.php?rest_route=\/wp\/v2\/users\/1"}],"replies":[{"embeddable":true,"href":"https:\/\/cultura.sma.gob.ar\/index.php?rest_route=%2Fwp%2Fv2%2Fcomments&post=4288"}],"version-history":[{"count":1,"href":"https:\/\/cultura.sma.gob.ar\/index.php?rest_route=\/wp\/v2\/posts\/4288\/revisions"}],"predecessor-version":[{"id":4291,"href":"https:\/\/cultura.sma.gob.ar\/index.php?rest_route=\/wp\/v2\/posts\/4288\/revisions\/4291"}],"wp:featuredmedia":[{"embeddable":true,"href":"https:\/\/cultura.sma.gob.ar\/index.php?rest_route=\/wp\/v2\/media\/297"}],"wp:attachment":[{"href":"https:\/\/cultura.sma.gob.ar\/index.php?rest_route=%2Fwp%2Fv2%2Fmedia&parent=4288"}],"wp:term":[{"taxonomy":"category","embeddable":true,"href":"https:\/\/cultura.sma.gob.ar\/index.php?rest_route=%2Fwp%2Fv2%2Fcategories&post=4288"},{"taxonomy":"post_tag","embeddable":true,"href":"https:\/\/cultura.sma.gob.ar\/index.php?rest_route=%2Fwp%2Fv2%2Ftags&post=4288"}],"curies":[{"name":"wp","href":"https:\/\/api.w.org\/{rel}","templated":true}]}}