{"id":4284,"date":"2022-11-16T11:32:34","date_gmt":"2022-11-16T14:32:34","guid":{"rendered":"http:\/\/cultura.sma.gob.ar\/?p=4284"},"modified":"2022-11-16T11:32:34","modified_gmt":"2022-11-16T14:32:34","slug":"llega-la-muestra-de-la-escuela-de-danza-del-vientre-y-oriental-a-la-sala-amankay","status":"publish","type":"post","link":"https:\/\/cultura.sma.gob.ar\/?p=4284","title":{"rendered":"Llega la Muestra de la \u201cEscuela de Danza del Vientre y Oriental\u201d a la Sala Amankay"},"content":{"rendered":"\n<figure class=\"wp-block-image size-large\"><img loading=\"lazy\" decoding=\"async\" width=\"832\" height=\"1024\" src=\"http:\/\/cultura.sma.gob.ar\/wp-content\/uploads\/2022\/11\/Flyer-Danza-del-Vientre-26-11-832x1024.jpg\" alt=\"\" class=\"wp-image-4285\" srcset=\"https:\/\/cultura.sma.gob.ar\/wp-content\/uploads\/2022\/11\/Flyer-Danza-del-Vientre-26-11-832x1024.jpg 832w, https:\/\/cultura.sma.gob.ar\/wp-content\/uploads\/2022\/11\/Flyer-Danza-del-Vientre-26-11-244x300.jpg 244w, https:\/\/cultura.sma.gob.ar\/wp-content\/uploads\/2022\/11\/Flyer-Danza-del-Vientre-26-11-768x945.jpg 768w, https:\/\/cultura.sma.gob.ar\/wp-content\/uploads\/2022\/11\/Flyer-Danza-del-Vientre-26-11-73x90.jpg 73w, https:\/\/cultura.sma.gob.ar\/wp-content\/uploads\/2022\/11\/Flyer-Danza-del-Vientre-26-11.jpg 1040w\" sizes=\"auto, (max-width: 832px) 100vw, 832px\" \/><\/figure>\n\n\n\n<p>El pr\u00f3ximo s\u00e1bado, 26 de noviembre a las 20:00hs, llega a nuestra querida Sala Amankay la Muestra Anual de la \u201cEscuela de Danza del Vientre y Oriental\u201d de la profesora Mar\u00eda Eugenia Moore.<br>Como hace m\u00e1s de 15 a\u00f1os, te invitamos a disfrutar de las danzas y la m\u00fasica de diversos or\u00edgenes del Medio Oriente: Golfo, Egipto, etc\u2026a veces m\u00e1s folcl\u00f3ricas, m\u00e1s fusionadas o modernas; pero siempre con un fin \u00faltimo:&nbsp; compartir y transmitir esta pasi\u00f3n que nos convoca y nos hace tan felices.<\/p>\n\n\n\n<p>Bailarinas:<br>Yanina Buchiniz<br>Sabrina Laura Wajnbaum<br>Paula Natalia Mu\u00f1oz<br>Denise Silbermann<br>Anabela Lasala<br>Florencia Lucas<br>Marita Albornoz<br>Ximena Olivero<br>Laura Pesuto<br>Marilia de Oliveira Lopes<br>Viviana Ricouz<br>Romina Leguizamon<br>Melany Ayelen R\u00edos<br>Aixa Alegr\u00eda<br>Graciela Beatriz Melo<br><br>Idea y direcci\u00f3n Mar\u00eda Eugenia Moore<br><br>Entrada general $800.- En venta en la Boleteria del Centro Cultural.<\/p>\n","protected":false},"excerpt":{"rendered":"<p>El pr\u00f3ximo s\u00e1bado, 26 de noviembre a las 20:00hs, llega a nuestra querida Sala Amankay la Muestra Anual de la \u201cEscuela de Danza del Vientre y Oriental\u201d de la profesora Mar\u00eda Eugenia Moore.Como hace m\u00e1s de 15 a\u00f1os, te invitamos a disfrutar de las danzas y la m\u00fasica de diversos or\u00edgenes del Medio Oriente: Golfo, Egipto, etc\u2026a veces m\u00e1s folcl\u00f3ricas, m\u00e1s fusionadas o modernas; pero &hellip; <a href=\"https:\/\/cultura.sma.gob.ar\/?p=4284\" class=\"more-link\">Continue reading <span class=\"screen-reader-text\">Llega la Muestra de la \u201cEscuela de Danza del Vientre y Oriental\u201d a la Sala Amankay<\/span><\/a><\/p>\n","protected":false},"author":1,"featured_media":297,"comment_status":"closed","ping_status":"","sticky":false,"template":"","format":"image","meta":{"footnotes":""},"categories":[2,9],"tags":[],"class_list":["post-4284","post","type-post","status-publish","format-image","has-post-thumbnail","hentry","category-ciudad-cultural","category-ultimas-noticias","post_format-post-format-image"],"_links":{"self":[{"href":"https:\/\/cultura.sma.gob.ar\/index.php?rest_route=\/wp\/v2\/posts\/4284","targetHints":{"allow":["GET"]}}],"collection":[{"href":"https:\/\/cultura.sma.gob.ar\/index.php?rest_route=\/wp\/v2\/posts"}],"about":[{"href":"https:\/\/cultura.sma.gob.ar\/index.php?rest_route=\/wp\/v2\/types\/post"}],"author":[{"embeddable":true,"href":"https:\/\/cultura.sma.gob.ar\/index.php?rest_route=\/wp\/v2\/users\/1"}],"replies":[{"embeddable":true,"href":"https:\/\/cultura.sma.gob.ar\/index.php?rest_route=%2Fwp%2Fv2%2Fcomments&post=4284"}],"version-history":[{"count":1,"href":"https:\/\/cultura.sma.gob.ar\/index.php?rest_route=\/wp\/v2\/posts\/4284\/revisions"}],"predecessor-version":[{"id":4286,"href":"https:\/\/cultura.sma.gob.ar\/index.php?rest_route=\/wp\/v2\/posts\/4284\/revisions\/4286"}],"wp:featuredmedia":[{"embeddable":true,"href":"https:\/\/cultura.sma.gob.ar\/index.php?rest_route=\/wp\/v2\/media\/297"}],"wp:attachment":[{"href":"https:\/\/cultura.sma.gob.ar\/index.php?rest_route=%2Fwp%2Fv2%2Fmedia&parent=4284"}],"wp:term":[{"taxonomy":"category","embeddable":true,"href":"https:\/\/cultura.sma.gob.ar\/index.php?rest_route=%2Fwp%2Fv2%2Fcategories&post=4284"},{"taxonomy":"post_tag","embeddable":true,"href":"https:\/\/cultura.sma.gob.ar\/index.php?rest_route=%2Fwp%2Fv2%2Ftags&post=4284"}],"curies":[{"name":"wp","href":"https:\/\/api.w.org\/{rel}","templated":true}]}}