{"id":427,"date":"2020-10-21T09:29:49","date_gmt":"2020-10-21T12:29:49","guid":{"rendered":"http:\/\/cultura.sma.gob.ar\/?p=427"},"modified":"2020-10-21T09:29:49","modified_gmt":"2020-10-21T12:29:49","slug":"aguaviva-teatro-por-la-identidad","status":"publish","type":"post","link":"https:\/\/cultura.sma.gob.ar\/?p=427","title":{"rendered":"Aguaviva: Teatro por la Identidad"},"content":{"rendered":"\n\n\n<p>Aguaviva es la primera obra de&nbsp; Teatro por la Identidad llevada escena por&nbsp; un elenco local.&nbsp;<\/p>\n\n\n\n<p>El Grupo El Cofre&nbsp; de TXI la estren\u00f3 el 22 de Octubre de 2019 en el Teatro San Jos\u00e9, realizando funciones para el p\u00fablico en general y escuelas secundarias.&nbsp;&nbsp;<\/p>\n\n\n\n<p>Su autora Carolina Balbi y su hermana Fernanda Galeano estuvieron el d\u00eda del estreno, motivadas&nbsp; por una foto de su padre Osvaldo Balbi en el Mirador Bandurrias tomada en 1968 .&nbsp;&nbsp; Balbi, periodista y escritor desaparecido durante la dictadura militar, visit\u00f3 San Mart\u00edn de los Andes junto a su compa\u00f1era Cristina Pinal en b\u00fasqueda de adherentes a su causa pol\u00edtica.<\/p>\n\n\n\n<p>Ante la nueva situaci\u00f3n y la imposibilidad de realizar funciones en convivio,&nbsp; sin perder el entusiasmo&nbsp; el elenco decidi\u00f3 filmar la obra.&nbsp; Esto fue posible en instalaciones del Teatro San Jos\u00e9 cumpliendo los protocolos pertinentes.&nbsp;<\/p>\n\n\n\n<p>La experiencia sum\u00f3 aprendizaje en un nuevo lenguaje para todes y sobre todo unas ganas inmensas de estar presente en esta fecha donde se conmemora la lucha que lleva adelante Abuelas de Plaza de Mayo.<\/p>\n\n\n\n<figure class=\"wp-block-embed-youtube wp-block-embed is-type-video is-provider-youtube wp-embed-aspect-16-9 wp-has-aspect-ratio\"><div class=\"wp-block-embed__wrapper\">\n<iframe loading=\"lazy\" title=\"Teatro x la Identidad - AGUAVIVA\" width=\"720\" height=\"405\" src=\"https:\/\/www.youtube.com\/embed\/rxi8rNsWdPg?start=3&#038;feature=oembed\" frameborder=\"0\" allow=\"accelerometer; autoplay; clipboard-write; encrypted-media; gyroscope; picture-in-picture\" allowfullscreen><\/iframe>\n<\/div><\/figure>\n","protected":false},"excerpt":{"rendered":"<p>Aguaviva es la primera obra de  Teatro por la Identidad llevada escena por  un elenco local. <a href=\"https:\/\/cultura.sma.gob.ar\/?p=427\" class=\"more-link\">Continue reading <span class=\"screen-reader-text\">Aguaviva: Teatro por la Identidad<\/span><\/a><\/p>\n","protected":false},"author":1,"featured_media":297,"comment_status":"closed","ping_status":"","sticky":false,"template":"","format":"image","meta":{"footnotes":""},"categories":[2],"tags":[],"class_list":["post-427","post","type-post","status-publish","format-image","has-post-thumbnail","hentry","category-ciudad-cultural","post_format-post-format-image"],"_links":{"self":[{"href":"https:\/\/cultura.sma.gob.ar\/index.php?rest_route=\/wp\/v2\/posts\/427","targetHints":{"allow":["GET"]}}],"collection":[{"href":"https:\/\/cultura.sma.gob.ar\/index.php?rest_route=\/wp\/v2\/posts"}],"about":[{"href":"https:\/\/cultura.sma.gob.ar\/index.php?rest_route=\/wp\/v2\/types\/post"}],"author":[{"embeddable":true,"href":"https:\/\/cultura.sma.gob.ar\/index.php?rest_route=\/wp\/v2\/users\/1"}],"replies":[{"embeddable":true,"href":"https:\/\/cultura.sma.gob.ar\/index.php?rest_route=%2Fwp%2Fv2%2Fcomments&post=427"}],"version-history":[{"count":1,"href":"https:\/\/cultura.sma.gob.ar\/index.php?rest_route=\/wp\/v2\/posts\/427\/revisions"}],"predecessor-version":[{"id":428,"href":"https:\/\/cultura.sma.gob.ar\/index.php?rest_route=\/wp\/v2\/posts\/427\/revisions\/428"}],"wp:featuredmedia":[{"embeddable":true,"href":"https:\/\/cultura.sma.gob.ar\/index.php?rest_route=\/wp\/v2\/media\/297"}],"wp:attachment":[{"href":"https:\/\/cultura.sma.gob.ar\/index.php?rest_route=%2Fwp%2Fv2%2Fmedia&parent=427"}],"wp:term":[{"taxonomy":"category","embeddable":true,"href":"https:\/\/cultura.sma.gob.ar\/index.php?rest_route=%2Fwp%2Fv2%2Fcategories&post=427"},{"taxonomy":"post_tag","embeddable":true,"href":"https:\/\/cultura.sma.gob.ar\/index.php?rest_route=%2Fwp%2Fv2%2Ftags&post=427"}],"curies":[{"name":"wp","href":"https:\/\/api.w.org\/{rel}","templated":true}]}}