{"id":4268,"date":"2022-11-15T09:58:00","date_gmt":"2022-11-15T12:58:00","guid":{"rendered":"http:\/\/cultura.sma.gob.ar\/?p=4268"},"modified":"2022-11-13T18:59:36","modified_gmt":"2022-11-13T21:59:36","slug":"9o-festival-de-circo-de-san-martin-de-los-andes","status":"publish","type":"post","link":"https:\/\/cultura.sma.gob.ar\/?p=4268","title":{"rendered":"9\u00ba Festival de Circo de San Mart\u00edn de los Andes"},"content":{"rendered":"\n<figure class=\"wp-block-image size-large\"><img loading=\"lazy\" decoding=\"async\" width=\"1024\" height=\"1024\" src=\"http:\/\/cultura.sma.gob.ar\/wp-content\/uploads\/2022\/11\/23-11-Cual-para-tal-1024x1024.jpg\" alt=\"\" class=\"wp-image-4270\" srcset=\"https:\/\/cultura.sma.gob.ar\/wp-content\/uploads\/2022\/11\/23-11-Cual-para-tal-1024x1024.jpg 1024w, https:\/\/cultura.sma.gob.ar\/wp-content\/uploads\/2022\/11\/23-11-Cual-para-tal-300x300.jpg 300w, https:\/\/cultura.sma.gob.ar\/wp-content\/uploads\/2022\/11\/23-11-Cual-para-tal-150x150.jpg 150w, https:\/\/cultura.sma.gob.ar\/wp-content\/uploads\/2022\/11\/23-11-Cual-para-tal-768x768.jpg 768w, https:\/\/cultura.sma.gob.ar\/wp-content\/uploads\/2022\/11\/23-11-Cual-para-tal-1536x1536.jpg 1536w, https:\/\/cultura.sma.gob.ar\/wp-content\/uploads\/2022\/11\/23-11-Cual-para-tal-90x90.jpg 90w, https:\/\/cultura.sma.gob.ar\/wp-content\/uploads\/2022\/11\/23-11-Cual-para-tal.jpg 1875w\" sizes=\"auto, (max-width: 1024px) 100vw, 1024px\" \/><\/figure>\n\n\n\n<p><strong>Mi\u00e9rcoles<\/strong> <strong>23 de noviembre: &#8221;CUAL PARA TAL&#8221; <\/strong><\/p>\n\n\n\n<p>Es una atrapante comedia acrob\u00e1tica, con dos personajes, una valija y unos zapatos m\u00e1gicos. Estos personajes transitan diferentes situaciones, emociones y estados. Amigos, compa\u00f1eros, vecinos, desconocidos, una relaci\u00f3n muy particular\u2026 \u00a1Es sorprendente lo que puede pasar en un encuentro casual!&nbsp;&nbsp;<\/p>\n\n\n\n<p>Horarios de las funciones: 9 y 15:30 hs.<\/p>\n\n\n\n<figure class=\"wp-block-image size-large\"><img loading=\"lazy\" decoding=\"async\" width=\"1024\" height=\"1024\" src=\"http:\/\/cultura.sma.gob.ar\/wp-content\/uploads\/2022\/11\/23-11-todo-un-viaje-1024x1024.jpg\" alt=\"\" class=\"wp-image-4273\" srcset=\"https:\/\/cultura.sma.gob.ar\/wp-content\/uploads\/2022\/11\/23-11-todo-un-viaje-1024x1024.jpg 1024w, https:\/\/cultura.sma.gob.ar\/wp-content\/uploads\/2022\/11\/23-11-todo-un-viaje-300x300.jpg 300w, https:\/\/cultura.sma.gob.ar\/wp-content\/uploads\/2022\/11\/23-11-todo-un-viaje-150x150.jpg 150w, https:\/\/cultura.sma.gob.ar\/wp-content\/uploads\/2022\/11\/23-11-todo-un-viaje-768x768.jpg 768w, https:\/\/cultura.sma.gob.ar\/wp-content\/uploads\/2022\/11\/23-11-todo-un-viaje-1536x1536.jpg 1536w, https:\/\/cultura.sma.gob.ar\/wp-content\/uploads\/2022\/11\/23-11-todo-un-viaje-90x90.jpg 90w, https:\/\/cultura.sma.gob.ar\/wp-content\/uploads\/2022\/11\/23-11-todo-un-viaje.jpg 1875w\" sizes=\"auto, (max-width: 1024px) 100vw, 1024px\" \/><\/figure>\n\n\n\n<p><strong>Mi\u00e9rcoles<\/strong> <strong>23 de noviembre &#8221;TODO UN VIAJE&#8221;: <\/strong><\/p>\n\n\n\n<p>Dos viajeros est\u00e1n perdidos por la Patagonia y deben llegar a destino antes de que se haga de noche. Los distraen lagos, monta\u00f1as mesetas y desiertos largu\u00edsimos. Los personajes, se ver\u00e1n con muchas contradicciones al momento de elegir la ruta para llegar. Usando la m\u00fasica folcl\u00f3rica de nuestro pa\u00eds como destino final, deber\u00e1n compartir el mismo espacio y trabajar en conjunto para lograrlo. Como punto de inspiraci\u00f3n, buscar\u00e1n un viaje con aventuras, risa, acrobacia y clownerias. peleas, nostalgia y humor por medio de la danza<\/p>\n\n\n\n<p>\u00bfSer\u00e1n capaces de llegar juntos a destino? <\/p>\n\n\n\n<p>Horarios de las funciones: 10:30 y 14 hs.<\/p>\n\n\n\n<figure class=\"wp-block-image size-large\"><img loading=\"lazy\" decoding=\"async\" width=\"1024\" height=\"1024\" src=\"http:\/\/cultura.sma.gob.ar\/wp-content\/uploads\/2022\/11\/24-11-que-bardo-1024x1024.jpg\" alt=\"\" class=\"wp-image-4272\" srcset=\"https:\/\/cultura.sma.gob.ar\/wp-content\/uploads\/2022\/11\/24-11-que-bardo-1024x1024.jpg 1024w, https:\/\/cultura.sma.gob.ar\/wp-content\/uploads\/2022\/11\/24-11-que-bardo-300x300.jpg 300w, https:\/\/cultura.sma.gob.ar\/wp-content\/uploads\/2022\/11\/24-11-que-bardo-150x150.jpg 150w, https:\/\/cultura.sma.gob.ar\/wp-content\/uploads\/2022\/11\/24-11-que-bardo-768x768.jpg 768w, https:\/\/cultura.sma.gob.ar\/wp-content\/uploads\/2022\/11\/24-11-que-bardo-1536x1536.jpg 1536w, https:\/\/cultura.sma.gob.ar\/wp-content\/uploads\/2022\/11\/24-11-que-bardo-90x90.jpg 90w, https:\/\/cultura.sma.gob.ar\/wp-content\/uploads\/2022\/11\/24-11-que-bardo.jpg 1875w\" sizes=\"auto, (max-width: 1024px) 100vw, 1024px\" \/><\/figure>\n\n\n\n<p><br><strong>Jueves 24 de noviembre &#8211; &#8221;QUE BARDO&#8221;<\/strong><\/p>\n\n\n\n<p>Es un espect\u00e1culo que propone una visi\u00f3n po\u00e9tica del caos, un sinf\u00edn de acciones aleatorias en pos de un caprichoso fest\u00edn que nunca quiere terminar. Este tr\u00edo de personajes, crea un mundo de humor e imaginaci\u00f3n. Sorprende y desorienta al p\u00fablico, entre acrobacias y manipulaci\u00f3n de objetos. Un espect\u00e1culo din\u00e1mico, m\u00e1gico y atractivo para toda la familia.<\/p>\n\n\n\n<p>Horarios de las funciones: 9 y 14 hs.<\/p>\n\n\n\n<figure class=\"wp-block-image size-large\"><img loading=\"lazy\" decoding=\"async\" width=\"1024\" height=\"1024\" src=\"http:\/\/cultura.sma.gob.ar\/wp-content\/uploads\/2022\/11\/24-11-vaque-va-1024x1024.jpg\" alt=\"\" class=\"wp-image-4271\" srcset=\"https:\/\/cultura.sma.gob.ar\/wp-content\/uploads\/2022\/11\/24-11-vaque-va-1024x1024.jpg 1024w, https:\/\/cultura.sma.gob.ar\/wp-content\/uploads\/2022\/11\/24-11-vaque-va-300x300.jpg 300w, https:\/\/cultura.sma.gob.ar\/wp-content\/uploads\/2022\/11\/24-11-vaque-va-150x150.jpg 150w, https:\/\/cultura.sma.gob.ar\/wp-content\/uploads\/2022\/11\/24-11-vaque-va-768x768.jpg 768w, https:\/\/cultura.sma.gob.ar\/wp-content\/uploads\/2022\/11\/24-11-vaque-va-1536x1536.jpg 1536w, https:\/\/cultura.sma.gob.ar\/wp-content\/uploads\/2022\/11\/24-11-vaque-va-90x90.jpg 90w, https:\/\/cultura.sma.gob.ar\/wp-content\/uploads\/2022\/11\/24-11-vaque-va.jpg 1875w\" sizes=\"auto, (max-width: 1024px) 100vw, 1024px\" \/><\/figure>\n\n\n\n<p><strong>Jueves 24 de noviembre &#8211; &#8221;VA QUE VA&#8221;<\/strong><\/p>\n\n\n\n<p>En un mundo de desencuentros, un clown con su maleta cargada de juegos y malabarismo, nos invita a reencontrarnos con nuestra infancia a trav\u00e9s de la imaginaci\u00f3n y una puesta en escena minimalista cargada de humor y virtuosismo. Un viajero con su liviano y sorpresivo equipaje, juegos interactivos e improvisaci\u00f3n con el p\u00fablico, son los ingredientes para vivir una experiencia inolvidable, de magia y poes\u00eda, con sabor a una dulce locura.<\/p>\n\n\n\n<p>Horario de las funciones: 10:30 y 15:30 hs.<\/p>\n\n\n\n<figure class=\"wp-block-image size-large\"><img loading=\"lazy\" decoding=\"async\" width=\"1024\" height=\"1024\" src=\"http:\/\/cultura.sma.gob.ar\/wp-content\/uploads\/2022\/11\/25-11-una-sonrisa-1024x1024.jpg\" alt=\"\" class=\"wp-image-4274\" srcset=\"https:\/\/cultura.sma.gob.ar\/wp-content\/uploads\/2022\/11\/25-11-una-sonrisa-1024x1024.jpg 1024w, https:\/\/cultura.sma.gob.ar\/wp-content\/uploads\/2022\/11\/25-11-una-sonrisa-300x300.jpg 300w, https:\/\/cultura.sma.gob.ar\/wp-content\/uploads\/2022\/11\/25-11-una-sonrisa-150x150.jpg 150w, https:\/\/cultura.sma.gob.ar\/wp-content\/uploads\/2022\/11\/25-11-una-sonrisa-768x768.jpg 768w, https:\/\/cultura.sma.gob.ar\/wp-content\/uploads\/2022\/11\/25-11-una-sonrisa-1536x1536.jpg 1536w, https:\/\/cultura.sma.gob.ar\/wp-content\/uploads\/2022\/11\/25-11-una-sonrisa-90x90.jpg 90w, https:\/\/cultura.sma.gob.ar\/wp-content\/uploads\/2022\/11\/25-11-una-sonrisa.jpg 1875w\" sizes=\"auto, (max-width: 1024px) 100vw, 1024px\" \/><\/figure>\n\n\n\n<p><br><strong>Viernes 25 de noviembre &#8211; &#8221;UNA SONRISA VALE M\u00c1S QUE MIL PALABRAS&#8221;<\/strong><\/p>\n\n\n\n<p>Cuenta la historia de co\u0301mo Garibaldi, pudo encontrar el camino para cumplir su suen\u0303o: tener su propio circo. Inspirado en los personajes de su familia, su t\u00edo que le ha ensen\u0303ado todo, su abuela que lo apoya e inspira, y su madre, va recreando este suen\u0303o, tambi\u00e9n encontr\u00e1ndose consigo mismo, sus miedos y sus fracasos\u2026 En &#8221;Una sonrisa vale ma\u0301s que mil palabras&#8221;, el humor absurdo, las rutinas con objetos, las proezas y la mu\u0301sica son el vehi\u0301culo para que se desarrolle este relato poe\u0301tico y sensible, que se completa, como sucede en el circo, con la participacio\u0301n del pu\u0301blico.<\/p>\n\n\n\n<p>Horarios de las funciones: 9 y 15:30 hs.<br><\/p>\n\n\n\n<figure class=\"wp-block-image size-large\"><img loading=\"lazy\" decoding=\"async\" width=\"1024\" height=\"1024\" src=\"http:\/\/cultura.sma.gob.ar\/wp-content\/uploads\/2022\/11\/25-11-magia-payasa-1024x1024.jpg\" alt=\"\" class=\"wp-image-4275\" srcset=\"https:\/\/cultura.sma.gob.ar\/wp-content\/uploads\/2022\/11\/25-11-magia-payasa-1024x1024.jpg 1024w, https:\/\/cultura.sma.gob.ar\/wp-content\/uploads\/2022\/11\/25-11-magia-payasa-300x300.jpg 300w, https:\/\/cultura.sma.gob.ar\/wp-content\/uploads\/2022\/11\/25-11-magia-payasa-150x150.jpg 150w, https:\/\/cultura.sma.gob.ar\/wp-content\/uploads\/2022\/11\/25-11-magia-payasa-768x768.jpg 768w, https:\/\/cultura.sma.gob.ar\/wp-content\/uploads\/2022\/11\/25-11-magia-payasa-1536x1536.jpg 1536w, https:\/\/cultura.sma.gob.ar\/wp-content\/uploads\/2022\/11\/25-11-magia-payasa-90x90.jpg 90w, https:\/\/cultura.sma.gob.ar\/wp-content\/uploads\/2022\/11\/25-11-magia-payasa.jpg 1875w\" sizes=\"auto, (max-width: 1024px) 100vw, 1024px\" \/><\/figure>\n\n\n\n<p><strong>Viernes 25 de noviembre: \u201cMAGIA PAYASA\u201d <\/strong><\/p>\n\n\n\n<p>Un show de payasos callejeros que mezcla herramientas de magia, m\u00fasica y juegos, desarrollando un espect\u00e1culo c\u00f3mico, din\u00e1mico y participativo con el p\u00fablico. Dorotea y barbacoa llegan a montar un show de magia de alto nivel. Pero como siempre de la mano de dos payasos, no todo sale como lo esperaban. Necesitar\u00e1n de la ayuda del p\u00fablico para poder concretar sus haza\u00f1as. Locura y humor caracterizan el show, que mezclado con la t\u00e9cnica de medio tel\u00f3n generan un espect\u00e1culo desopilante y entretenido. una presentaci\u00f3n fuera de los estereotipos y est\u00e1ndares de la magia. Un espect\u00e1culo tierno y para toda la familia.<\/p>\n\n\n\n<p>Horarios de las funciones: 10:30 y 14 hs.<\/p>\n\n\n\n<figure class=\"wp-block-image size-large\"><img loading=\"lazy\" decoding=\"async\" width=\"1024\" height=\"1024\" src=\"http:\/\/cultura.sma.gob.ar\/wp-content\/uploads\/2022\/11\/26-27-11-gala-1024x1024.jpg\" alt=\"\" class=\"wp-image-4276\" srcset=\"https:\/\/cultura.sma.gob.ar\/wp-content\/uploads\/2022\/11\/26-27-11-gala-1024x1024.jpg 1024w, https:\/\/cultura.sma.gob.ar\/wp-content\/uploads\/2022\/11\/26-27-11-gala-300x300.jpg 300w, https:\/\/cultura.sma.gob.ar\/wp-content\/uploads\/2022\/11\/26-27-11-gala-150x150.jpg 150w, https:\/\/cultura.sma.gob.ar\/wp-content\/uploads\/2022\/11\/26-27-11-gala-768x768.jpg 768w, https:\/\/cultura.sma.gob.ar\/wp-content\/uploads\/2022\/11\/26-27-11-gala-1536x1536.jpg 1536w, https:\/\/cultura.sma.gob.ar\/wp-content\/uploads\/2022\/11\/26-27-11-gala-90x90.jpg 90w, https:\/\/cultura.sma.gob.ar\/wp-content\/uploads\/2022\/11\/26-27-11-gala.jpg 1875w\" sizes=\"auto, (max-width: 1024px) 100vw, 1024px\" \/><\/figure>\n","protected":false},"excerpt":{"rendered":"<p>Mi\u00e9rcoles 23 de noviembre: &#8221;CUAL PARA TAL&#8221; Es una atrapante comedia acrob\u00e1tica, con dos personajes, una valija y unos zapatos m\u00e1gicos. Estos personajes transitan diferentes situaciones, emociones y estados. Amigos, compa\u00f1eros, vecinos, desconocidos, una relaci\u00f3n muy particular\u2026 \u00a1Es sorprendente lo que puede pasar en un encuentro casual!&nbsp;&nbsp; Horarios de las funciones: 9 y 15:30 hs. Mi\u00e9rcoles 23 de noviembre &#8221;TODO UN VIAJE&#8221;: Dos viajeros est\u00e1n &hellip; <a href=\"https:\/\/cultura.sma.gob.ar\/?p=4268\" class=\"more-link\">Continue reading <span class=\"screen-reader-text\">9\u00ba Festival de Circo de San Mart\u00edn de los Andes<\/span><\/a><\/p>\n","protected":false},"author":1,"featured_media":296,"comment_status":"closed","ping_status":"","sticky":false,"template":"","format":"image","meta":{"footnotes":""},"categories":[3,9],"tags":[],"class_list":["post-4268","post","type-post","status-publish","format-image","has-post-thumbnail","hentry","category-eventos-cultura","category-ultimas-noticias","post_format-post-format-image"],"_links":{"self":[{"href":"https:\/\/cultura.sma.gob.ar\/index.php?rest_route=\/wp\/v2\/posts\/4268","targetHints":{"allow":["GET"]}}],"collection":[{"href":"https:\/\/cultura.sma.gob.ar\/index.php?rest_route=\/wp\/v2\/posts"}],"about":[{"href":"https:\/\/cultura.sma.gob.ar\/index.php?rest_route=\/wp\/v2\/types\/post"}],"author":[{"embeddable":true,"href":"https:\/\/cultura.sma.gob.ar\/index.php?rest_route=\/wp\/v2\/users\/1"}],"replies":[{"embeddable":true,"href":"https:\/\/cultura.sma.gob.ar\/index.php?rest_route=%2Fwp%2Fv2%2Fcomments&post=4268"}],"version-history":[{"count":2,"href":"https:\/\/cultura.sma.gob.ar\/index.php?rest_route=\/wp\/v2\/posts\/4268\/revisions"}],"predecessor-version":[{"id":4280,"href":"https:\/\/cultura.sma.gob.ar\/index.php?rest_route=\/wp\/v2\/posts\/4268\/revisions\/4280"}],"wp:featuredmedia":[{"embeddable":true,"href":"https:\/\/cultura.sma.gob.ar\/index.php?rest_route=\/wp\/v2\/media\/296"}],"wp:attachment":[{"href":"https:\/\/cultura.sma.gob.ar\/index.php?rest_route=%2Fwp%2Fv2%2Fmedia&parent=4268"}],"wp:term":[{"taxonomy":"category","embeddable":true,"href":"https:\/\/cultura.sma.gob.ar\/index.php?rest_route=%2Fwp%2Fv2%2Fcategories&post=4268"},{"taxonomy":"post_tag","embeddable":true,"href":"https:\/\/cultura.sma.gob.ar\/index.php?rest_route=%2Fwp%2Fv2%2Ftags&post=4268"}],"curies":[{"name":"wp","href":"https:\/\/api.w.org\/{rel}","templated":true}]}}