{"id":4260,"date":"2022-11-13T15:08:38","date_gmt":"2022-11-13T18:08:38","guid":{"rendered":"http:\/\/cultura.sma.gob.ar\/?p=4260"},"modified":"2022-11-13T15:08:38","modified_gmt":"2022-11-13T18:08:38","slug":"comenzaron-las-reuniones-organizativas-del-carnaval-intercultural-cordillerano","status":"publish","type":"post","link":"https:\/\/cultura.sma.gob.ar\/?p=4260","title":{"rendered":"Comenzaron las reuniones organizativas del Carnaval Intercultural Cordillerano"},"content":{"rendered":"\n<figure class=\"wp-block-image size-large\"><img loading=\"lazy\" decoding=\"async\" width=\"1000\" height=\"750\" src=\"http:\/\/cultura.sma.gob.ar\/wp-content\/uploads\/2022\/11\/IMG_20221110_135246790-1.jpg\" alt=\"\" class=\"wp-image-4261\" srcset=\"https:\/\/cultura.sma.gob.ar\/wp-content\/uploads\/2022\/11\/IMG_20221110_135246790-1.jpg 1000w, https:\/\/cultura.sma.gob.ar\/wp-content\/uploads\/2022\/11\/IMG_20221110_135246790-1-300x225.jpg 300w, https:\/\/cultura.sma.gob.ar\/wp-content\/uploads\/2022\/11\/IMG_20221110_135246790-1-768x576.jpg 768w, https:\/\/cultura.sma.gob.ar\/wp-content\/uploads\/2022\/11\/IMG_20221110_135246790-1-120x90.jpg 120w\" sizes=\"auto, (max-width: 1000px) 100vw, 1000px\" \/><\/figure>\n\n\n\n<p>Con la presencia de representantes de las agrupaciones de carnaval \u201cApretando los dientes\u201d, \u201cWara de los Andes\u201d, \u201cAquelarre\u201d, \u201cNahuilen\u201d y de la Secretar\u00eda de Cultura y Educaci\u00f3n, qued\u00f3 conformada la Comisi\u00f3n Organizadora del Carnaval Intercultural Cordillerano, de acuerdo a lo que establece la Reglamentaci\u00f3n de la Ordenanza N\u00ba 10652\/15.<\/p>\n\n\n\n<p>En esta primera reuni\u00f3n se defini\u00f3 que los desfiles del pr\u00f3ximo Carnaval se realizar\u00e1n los d\u00edas 18, 19 y 20 de febrero, en los barrios Vega Maip\u00fa, El Arenal y en el centro de la ciudad. <\/p>\n\n\n\n<p>Tambi\u00e9n se resolvi\u00f3 extender el plazo para que m\u00e1s agrupaciones locales puedan sumarse a esta primera Comisi\u00f3n Organizadora, hasta el 1\u00b0 de diciembre. Para formar parte de la Comisi\u00f3n es requisito figurar en el Registro de Asociaciones y Agrupaciones Art\u00edsticas de Carnaval y haber participado en al menos uno de los desfiles del \u00faltimo Carnaval. <\/p>\n\n\n\n<p>Las agrupaciones nuevas pueden participar con voz pero sin voto. Tal es el caso de la comparsa \u201cNahuilen\u201d, que est\u00e1n en proceso de formaci\u00f3n. La Comisi\u00f3n Organizadora del Carnaval Intercultural Cordillerano tendr\u00e1 entre sus funciones llevar adelante la planificaci\u00f3n y realizaci\u00f3n del Carnaval, invitar a asociaciones o agrupaciones de otras localidades a participar en el Carnaval Intercultural Cordillerano, definir los mecanismos de fiscalizaci\u00f3n durante la preparaci\u00f3n y el desarrollo de los desfiles, teniendo en cuenta normas generales de conducta y buena convivencia, y mediar en cualquier conflicto que pueda originarse, entre otras tareas.\u00a0 Las agrupaciones que no formen parte de la Comisi\u00f3n Organizadora pero quieran participar en los desfiles podr\u00e1n hacerlo siempre y cuando formen parte del Registro de Asociaciones y Agrupaciones Art\u00edsticas de Carnaval.<\/p>\n\n\n\n<p>La pr\u00f3xima reuni\u00f3n ser\u00e1 el jueves 17 de noviembre a las 13 hs. Habiendo ya definido las sedes de los desfiles, se invitar\u00e1 a formar parte de la Comisi\u00f3n a las Juntas Vecinales y Delegaciones Municipales de los barrios Vega Maip\u00fa y El Arenal.\u00a0<\/p>\n\n\n\n<p>La creaci\u00f3n de esta Comisi\u00f3n Organizadora es una pol\u00edtica comunitaria que busca integrar activamente a las organizaciones y personas vinculadas al desarrollo del Carnaval, garantizando el derecho de ser escuchadas y tenidas en cuenta al momento de tomar decisiones, como ocurre con la Feria Regional del Libro y el Festival de Circo, entre otros eventos organizados de igual manera en la ciudad.\u00a0<\/p>\n\n\n\n<p>De este modo, la reglamentaci\u00f3n de la Ordenanza N\u00ba 10652\/15, que declara \u201cevento oficial de San Mart\u00edn de los Andes\u201d al Carnaval Intercultural Cordillerano, contribuye a construir m\u00e1s democracia cultural, ciudadan\u00eda y respeto a la diversidad, fortaleciendo tanto al Carnaval de San Mart\u00edn de los Andes como a las agrupaciones que lo sostienen desde hace tantos a\u00f1os.<\/p>\n","protected":false},"excerpt":{"rendered":"<p>Con la presencia de representantes de las agrupaciones de carnaval \u201cApretando los dientes\u201d, \u201cWara de los Andes\u201d, \u201cAquelarre\u201d, \u201cNahuilen\u201d y de la Secretar\u00eda de Cultura y Educaci\u00f3n, qued\u00f3 conformada la Comisi\u00f3n Organizadora del Carnaval Intercultural Cordillerano, de acuerdo a lo que establece la Reglamentaci\u00f3n de la Ordenanza N\u00ba 10652\/15. En esta primera reuni\u00f3n se defini\u00f3 que los desfiles del pr\u00f3ximo Carnaval se realizar\u00e1n los d\u00edas &hellip; <a href=\"https:\/\/cultura.sma.gob.ar\/?p=4260\" class=\"more-link\">Continue reading <span class=\"screen-reader-text\">Comenzaron las reuniones organizativas del Carnaval Intercultural Cordillerano<\/span><\/a><\/p>\n","protected":false},"author":1,"featured_media":296,"comment_status":"closed","ping_status":"","sticky":false,"template":"","format":"image","meta":{"footnotes":""},"categories":[3,9],"tags":[],"class_list":["post-4260","post","type-post","status-publish","format-image","has-post-thumbnail","hentry","category-eventos-cultura","category-ultimas-noticias","post_format-post-format-image"],"_links":{"self":[{"href":"https:\/\/cultura.sma.gob.ar\/index.php?rest_route=\/wp\/v2\/posts\/4260","targetHints":{"allow":["GET"]}}],"collection":[{"href":"https:\/\/cultura.sma.gob.ar\/index.php?rest_route=\/wp\/v2\/posts"}],"about":[{"href":"https:\/\/cultura.sma.gob.ar\/index.php?rest_route=\/wp\/v2\/types\/post"}],"author":[{"embeddable":true,"href":"https:\/\/cultura.sma.gob.ar\/index.php?rest_route=\/wp\/v2\/users\/1"}],"replies":[{"embeddable":true,"href":"https:\/\/cultura.sma.gob.ar\/index.php?rest_route=%2Fwp%2Fv2%2Fcomments&post=4260"}],"version-history":[{"count":1,"href":"https:\/\/cultura.sma.gob.ar\/index.php?rest_route=\/wp\/v2\/posts\/4260\/revisions"}],"predecessor-version":[{"id":4262,"href":"https:\/\/cultura.sma.gob.ar\/index.php?rest_route=\/wp\/v2\/posts\/4260\/revisions\/4262"}],"wp:featuredmedia":[{"embeddable":true,"href":"https:\/\/cultura.sma.gob.ar\/index.php?rest_route=\/wp\/v2\/media\/296"}],"wp:attachment":[{"href":"https:\/\/cultura.sma.gob.ar\/index.php?rest_route=%2Fwp%2Fv2%2Fmedia&parent=4260"}],"wp:term":[{"taxonomy":"category","embeddable":true,"href":"https:\/\/cultura.sma.gob.ar\/index.php?rest_route=%2Fwp%2Fv2%2Fcategories&post=4260"},{"taxonomy":"post_tag","embeddable":true,"href":"https:\/\/cultura.sma.gob.ar\/index.php?rest_route=%2Fwp%2Fv2%2Ftags&post=4260"}],"curies":[{"name":"wp","href":"https:\/\/api.w.org\/{rel}","templated":true}]}}