{"id":4254,"date":"2022-11-10T12:59:08","date_gmt":"2022-11-10T15:59:08","guid":{"rendered":"http:\/\/cultura.sma.gob.ar\/?p=4254"},"modified":"2022-11-10T12:59:08","modified_gmt":"2022-11-10T15:59:08","slug":"tierra-y-tulipanes-en-la-sala-amankay","status":"publish","type":"post","link":"https:\/\/cultura.sma.gob.ar\/?p=4254","title":{"rendered":"&#8221;Tierra y Tulipanes&#8221;, en la Sala Amankay"},"content":{"rendered":"\n<figure class=\"wp-block-image size-large\"><img loading=\"lazy\" decoding=\"async\" width=\"724\" height=\"1024\" src=\"http:\/\/cultura.sma.gob.ar\/wp-content\/uploads\/2022\/11\/Tierra-y-Tulipanes-Flyer-724x1024.jpg\" alt=\"\" class=\"wp-image-4255\" srcset=\"https:\/\/cultura.sma.gob.ar\/wp-content\/uploads\/2022\/11\/Tierra-y-Tulipanes-Flyer-724x1024.jpg 724w, https:\/\/cultura.sma.gob.ar\/wp-content\/uploads\/2022\/11\/Tierra-y-Tulipanes-Flyer-212x300.jpg 212w, https:\/\/cultura.sma.gob.ar\/wp-content\/uploads\/2022\/11\/Tierra-y-Tulipanes-Flyer-768x1086.jpg 768w, https:\/\/cultura.sma.gob.ar\/wp-content\/uploads\/2022\/11\/Tierra-y-Tulipanes-Flyer-1086x1536.jpg 1086w, https:\/\/cultura.sma.gob.ar\/wp-content\/uploads\/2022\/11\/Tierra-y-Tulipanes-Flyer-1448x2048.jpg 1448w, https:\/\/cultura.sma.gob.ar\/wp-content\/uploads\/2022\/11\/Tierra-y-Tulipanes-Flyer-64x90.jpg 64w, https:\/\/cultura.sma.gob.ar\/wp-content\/uploads\/2022\/11\/Tierra-y-Tulipanes-Flyer.jpg 1754w\" sizes=\"auto, (max-width: 724px) 100vw, 724px\" \/><\/figure>\n\n\n\n<p>El pr\u00f3ximo jueves, 17 de noviembre a las 20:30ha en la Sala Amankay del Centro Cultural Cotesma se realizar\u00e1 el Evento Musical \u201cTIERRA Y TULIPANES\u201d, organizado por la Asociaci\u00f3n Mutual de la Escuela Fuente Serena.<br>\u201cTierra y tulipanes\u201d tiene la finalidad de recaudar fondos para el alambrado del esperado terreno donde se construir\u00e1 la sede de la escuelita.<br>Se subir\u00e1n al escenario dos conocidas y queridas bandas locales, ZigZag y Obsidiana.<\/p>\n\n\n\n<p>La entrada es libre y gratuita y se retiran en la boleteria del Centro Cultural.<br>En el evento se podr\u00e1 colaborar con un bono contribuci\u00f3n que puede ser de $1000, $3000 y $5000 o m\u00e1s.<br>Los esperamos para construir en comunidad.<\/p>\n","protected":false},"excerpt":{"rendered":"<p>El pr\u00f3ximo jueves, 17 de noviembre a las 20:30ha en la Sala Amankay del Centro Cultural Cotesma se realizar\u00e1 el Evento Musical \u201cTIERRA Y TULIPANES\u201d, organizado por la Asociaci\u00f3n Mutual de la Escuela Fuente Serena.\u201cTierra y tulipanes\u201d tiene la finalidad de recaudar fondos para el alambrado del esperado terreno donde se construir\u00e1 la sede de la escuelita.Se subir\u00e1n al escenario dos conocidas y queridas bandas &hellip; <a href=\"https:\/\/cultura.sma.gob.ar\/?p=4254\" class=\"more-link\">Continue reading <span class=\"screen-reader-text\">&#8221;Tierra y Tulipanes&#8221;, en la Sala Amankay<\/span><\/a><\/p>\n","protected":false},"author":1,"featured_media":297,"comment_status":"closed","ping_status":"","sticky":false,"template":"","format":"image","meta":{"footnotes":""},"categories":[2,9],"tags":[],"class_list":["post-4254","post","type-post","status-publish","format-image","has-post-thumbnail","hentry","category-ciudad-cultural","category-ultimas-noticias","post_format-post-format-image"],"_links":{"self":[{"href":"https:\/\/cultura.sma.gob.ar\/index.php?rest_route=\/wp\/v2\/posts\/4254","targetHints":{"allow":["GET"]}}],"collection":[{"href":"https:\/\/cultura.sma.gob.ar\/index.php?rest_route=\/wp\/v2\/posts"}],"about":[{"href":"https:\/\/cultura.sma.gob.ar\/index.php?rest_route=\/wp\/v2\/types\/post"}],"author":[{"embeddable":true,"href":"https:\/\/cultura.sma.gob.ar\/index.php?rest_route=\/wp\/v2\/users\/1"}],"replies":[{"embeddable":true,"href":"https:\/\/cultura.sma.gob.ar\/index.php?rest_route=%2Fwp%2Fv2%2Fcomments&post=4254"}],"version-history":[{"count":1,"href":"https:\/\/cultura.sma.gob.ar\/index.php?rest_route=\/wp\/v2\/posts\/4254\/revisions"}],"predecessor-version":[{"id":4256,"href":"https:\/\/cultura.sma.gob.ar\/index.php?rest_route=\/wp\/v2\/posts\/4254\/revisions\/4256"}],"wp:featuredmedia":[{"embeddable":true,"href":"https:\/\/cultura.sma.gob.ar\/index.php?rest_route=\/wp\/v2\/media\/297"}],"wp:attachment":[{"href":"https:\/\/cultura.sma.gob.ar\/index.php?rest_route=%2Fwp%2Fv2%2Fmedia&parent=4254"}],"wp:term":[{"taxonomy":"category","embeddable":true,"href":"https:\/\/cultura.sma.gob.ar\/index.php?rest_route=%2Fwp%2Fv2%2Fcategories&post=4254"},{"taxonomy":"post_tag","embeddable":true,"href":"https:\/\/cultura.sma.gob.ar\/index.php?rest_route=%2Fwp%2Fv2%2Ftags&post=4254"}],"curies":[{"name":"wp","href":"https:\/\/api.w.org\/{rel}","templated":true}]}}