{"id":4250,"date":"2022-11-09T16:58:31","date_gmt":"2022-11-09T19:58:31","guid":{"rendered":"http:\/\/cultura.sma.gob.ar\/?p=4250"},"modified":"2022-11-09T16:58:31","modified_gmt":"2022-11-09T19:58:31","slug":"se-me-murio-entre-los-brazos-en-la-sala-amankay","status":"publish","type":"post","link":"https:\/\/cultura.sma.gob.ar\/?p=4250","title":{"rendered":"&#8221;Se me muri\u00f3 entre los brazos&#8221;, en la Sala Amankay"},"content":{"rendered":"\n<figure class=\"wp-block-image size-large\"><img loading=\"lazy\" decoding=\"async\" width=\"720\" height=\"1024\" src=\"http:\/\/cultura.sma.gob.ar\/wp-content\/uploads\/2022\/11\/Se-me-murio-entre-los-brazos-Flyer-720x1024.jpg\" alt=\"\" class=\"wp-image-4251\" srcset=\"https:\/\/cultura.sma.gob.ar\/wp-content\/uploads\/2022\/11\/Se-me-murio-entre-los-brazos-Flyer-720x1024.jpg 720w, https:\/\/cultura.sma.gob.ar\/wp-content\/uploads\/2022\/11\/Se-me-murio-entre-los-brazos-Flyer-211x300.jpg 211w, https:\/\/cultura.sma.gob.ar\/wp-content\/uploads\/2022\/11\/Se-me-murio-entre-los-brazos-Flyer-768x1092.jpg 768w, https:\/\/cultura.sma.gob.ar\/wp-content\/uploads\/2022\/11\/Se-me-murio-entre-los-brazos-Flyer-63x90.jpg 63w, https:\/\/cultura.sma.gob.ar\/wp-content\/uploads\/2022\/11\/Se-me-murio-entre-los-brazos-Flyer.jpg 1080w\" sizes=\"auto, (max-width: 720px) 100vw, 720px\" \/><\/figure>\n\n\n\n<p>El pr\u00f3ximo domingo, 20 de noviembre, a las 21hs, en nuestra querida Sala Amankay, Mariano Tenaglia presenta \u201cSE ME MURI\u00d3 ENTRE LOS BRAZOS\u201d de Alberto Drago.<br><br>&#8220;Dos hermanas solteras, maestras ya jubiladas, han pasado toda su vida bajo la terrible represi\u00f3n de un padre dominante. Ambas viven envueltas en un juego perverso de rivalidad y competencia, que s\u00f3lo da lugar al roce y al choque.<br>En esta comedia de dos partes, una visita inesperada desatar\u00e1 todos sus instintos reprimidos y ellas no perder\u00e1n la oportunidad de acechar a quien traspase esa puerta y les permita ilusionarse con recuperar esa vida que ya pas\u00f3.&#8221;<\/p>\n\n\n\n<p>En escena:<br>Betina Caama\u00f1o y Br\u00edgida Pacheco.<br>Con la participaci\u00f3n especial de: Santiago Gaudio, Alejandro Avi\u00f1on, Roberto Escobal y Diego El\u00edas.<br><br>Direcci\u00f3n y puesta en escena:<br>Mariano Tenaglia<br>Asistencia t\u00e9cnica:<br>Alexei Samek<br><br>Entrada General $700.- En venta en la boleter\u00eda del Centro Cultural.<\/p>\n","protected":false},"excerpt":{"rendered":"<p>El pr\u00f3ximo domingo, 20 de noviembre, a las 21hs, en nuestra querida Sala Amankay, Mariano Tenaglia presenta \u201cSE ME MURI\u00d3 ENTRE LOS BRAZOS\u201d de Alberto Drago. &#8220;Dos hermanas solteras, maestras ya jubiladas, han pasado toda su vida bajo la terrible represi\u00f3n de un padre dominante. Ambas viven envueltas en un juego perverso de rivalidad y competencia, que s\u00f3lo da lugar al roce y al choque.En &hellip; <a href=\"https:\/\/cultura.sma.gob.ar\/?p=4250\" class=\"more-link\">Continue reading <span class=\"screen-reader-text\">&#8221;Se me muri\u00f3 entre los brazos&#8221;, en la Sala Amankay<\/span><\/a><\/p>\n","protected":false},"author":1,"featured_media":297,"comment_status":"closed","ping_status":"","sticky":false,"template":"","format":"image","meta":{"footnotes":""},"categories":[2,9],"tags":[],"class_list":["post-4250","post","type-post","status-publish","format-image","has-post-thumbnail","hentry","category-ciudad-cultural","category-ultimas-noticias","post_format-post-format-image"],"_links":{"self":[{"href":"https:\/\/cultura.sma.gob.ar\/index.php?rest_route=\/wp\/v2\/posts\/4250","targetHints":{"allow":["GET"]}}],"collection":[{"href":"https:\/\/cultura.sma.gob.ar\/index.php?rest_route=\/wp\/v2\/posts"}],"about":[{"href":"https:\/\/cultura.sma.gob.ar\/index.php?rest_route=\/wp\/v2\/types\/post"}],"author":[{"embeddable":true,"href":"https:\/\/cultura.sma.gob.ar\/index.php?rest_route=\/wp\/v2\/users\/1"}],"replies":[{"embeddable":true,"href":"https:\/\/cultura.sma.gob.ar\/index.php?rest_route=%2Fwp%2Fv2%2Fcomments&post=4250"}],"version-history":[{"count":1,"href":"https:\/\/cultura.sma.gob.ar\/index.php?rest_route=\/wp\/v2\/posts\/4250\/revisions"}],"predecessor-version":[{"id":4252,"href":"https:\/\/cultura.sma.gob.ar\/index.php?rest_route=\/wp\/v2\/posts\/4250\/revisions\/4252"}],"wp:featuredmedia":[{"embeddable":true,"href":"https:\/\/cultura.sma.gob.ar\/index.php?rest_route=\/wp\/v2\/media\/297"}],"wp:attachment":[{"href":"https:\/\/cultura.sma.gob.ar\/index.php?rest_route=%2Fwp%2Fv2%2Fmedia&parent=4250"}],"wp:term":[{"taxonomy":"category","embeddable":true,"href":"https:\/\/cultura.sma.gob.ar\/index.php?rest_route=%2Fwp%2Fv2%2Fcategories&post=4250"},{"taxonomy":"post_tag","embeddable":true,"href":"https:\/\/cultura.sma.gob.ar\/index.php?rest_route=%2Fwp%2Fv2%2Ftags&post=4250"}],"curies":[{"name":"wp","href":"https:\/\/api.w.org\/{rel}","templated":true}]}}