{"id":4239,"date":"2022-11-07T20:30:13","date_gmt":"2022-11-07T23:30:13","guid":{"rendered":"http:\/\/cultura.sma.gob.ar\/?p=4239"},"modified":"2022-11-07T20:30:13","modified_gmt":"2022-11-07T23:30:13","slug":"por-los-bordes-arte-estetica-y-representacion","status":"publish","type":"post","link":"https:\/\/cultura.sma.gob.ar\/?p=4239","title":{"rendered":"&#8221;Por los bordes&#8221;: Arte, est\u00e9tica y representaci\u00f3n"},"content":{"rendered":"\n<figure class=\"wp-block-image size-large\"><img loading=\"lazy\" decoding=\"async\" width=\"1024\" height=\"1024\" src=\"http:\/\/cultura.sma.gob.ar\/wp-content\/uploads\/2022\/11\/1_Por-los-bordes_1200x1200_3-02-01-1024x1024.jpg\" alt=\"\" class=\"wp-image-4240\" srcset=\"https:\/\/cultura.sma.gob.ar\/wp-content\/uploads\/2022\/11\/1_Por-los-bordes_1200x1200_3-02-01-1024x1024.jpg 1024w, https:\/\/cultura.sma.gob.ar\/wp-content\/uploads\/2022\/11\/1_Por-los-bordes_1200x1200_3-02-01-300x300.jpg 300w, https:\/\/cultura.sma.gob.ar\/wp-content\/uploads\/2022\/11\/1_Por-los-bordes_1200x1200_3-02-01-150x150.jpg 150w, https:\/\/cultura.sma.gob.ar\/wp-content\/uploads\/2022\/11\/1_Por-los-bordes_1200x1200_3-02-01-768x768.jpg 768w, https:\/\/cultura.sma.gob.ar\/wp-content\/uploads\/2022\/11\/1_Por-los-bordes_1200x1200_3-02-01-1536x1536.jpg 1536w, https:\/\/cultura.sma.gob.ar\/wp-content\/uploads\/2022\/11\/1_Por-los-bordes_1200x1200_3-02-01-2048x2048.jpg 2048w, https:\/\/cultura.sma.gob.ar\/wp-content\/uploads\/2022\/11\/1_Por-los-bordes_1200x1200_3-02-01-90x90.jpg 90w\" sizes=\"auto, (max-width: 1024px) 100vw, 1024px\" \/><\/figure>\n\n\n\n<p><strong>POR LOS BORDES<\/strong>&nbsp;\ufffd\ufffd\ufe0f<br><em>Arte, est\u00e9tica y representaci\u00f3n<br>Activaciones y resistencias entre el caos y el orden<\/em><\/p>\n\n\n\n<p>Cu\u00e1les son los funcionamientos que el proceso art\u00edstico como forma de lo vital, aporta a la l\u00f3gica del sentido de las identidades. C\u00f3mo se puede pensar con y desde el arte, para una desestructuraci\u00f3n y des fundamento de la materialidad y l\u00f3gica identitaria, a favor de la pluralidad, tanto de la vida como de la obra. Humano, Mundo, Fuerza. Pensamientos des- originarios para una habitabilidad de la diferencia.<br>Investigamos te\u00f3ricamente c\u00f3mo se relaciona el arte con la l\u00f3gica de la representaci\u00f3n y qu\u00e9 funci\u00f3n le demandamos al arte. Pensamos la distinci\u00f3n entre hecho art\u00edstico y obra de arte; met\u00e1fora e imagen como patr\u00f3n de sentido del espejo de la producci\u00f3n; el lugar legado a la interpretaci\u00f3n en nuestro acceso a la obra.<br>Investigamos sobre Arte, artificio y mundo de las apariencias. La imaginaci\u00f3n, la ficci\u00f3n. Prosa, poes\u00eda y mercantilizaci\u00f3n del simulacro. Diferencia, semejanza y repetici\u00f3n.<br>*<br>Organiza&nbsp;<a href=\"https:\/\/correo.smandes.gov.ar\/owa\/redir.aspx?C=e0863180b31140ac91e651ef6ef74e20&amp;URL=https%3a%2f%2fwww.instagram.com%2fmanta_residencia%2f\" target=\"_blank\" rel=\"noreferrer noopener\">@manta_residencia<\/a><br>Coordina Rosana Simonassi (Buenos Aires)&nbsp;<a href=\"https:\/\/correo.smandes.gov.ar\/owa\/redir.aspx?C=e0863180b31140ac91e651ef6ef74e20&amp;URL=https%3a%2f%2fwww.instagram.com%2frosana.simonassi%2f\" target=\"_blank\" rel=\"noreferrer noopener\">@rosana.simonassi<\/a><br>\ud83d\udccc&nbsp; 11 y 12 de noviembre de 18 a 22 hs<br>+ info&nbsp;<a href=\"https:\/\/correo.smandes.gov.ar\/owa\/redir.aspx?C=e0863180b31140ac91e651ef6ef74e20&amp;URL=http%3a%2f%2fwww.proyectomanta.com%2fen-los-bordes-arte-representation-y-estetica%2f\" target=\"_blank\" rel=\"noreferrer noopener\">www.proyectomanta.com\/en-los-bordes-arte-representation-y-estetica\/<\/a>Inscripciones y consultas a :&nbsp;<a href=\"https:\/\/correo.smandes.gov.ar\/owa\/redir.aspx?C=e0863180b31140ac91e651ef6ef74e20&amp;URL=mailto%3atallermanta%40gmail.com\">tallermanta@gmail.com<\/a><br>*<strong>Rosana Simonassi<\/strong>, Buenos Aires 1974.<br>Artista visual argentina; Produce y exhibe internacionalmente desde 2000. Su obra ha sido publicada y premiada por diversos medios e instituciones. Recibi\u00f3 becas, dio charlas y seminarios a escala nacional e internacional.<br>Su proyecto general, tanto en sus pr\u00e1cticas art\u00edsticas como te\u00f3ricas, se centra en la investigaci\u00f3n sobre el rol de la imagen en la constituci\u00f3n de nuestra identidad.<br>Vive y trabaja en Buenos Aires.<\/p>\n","protected":false},"excerpt":{"rendered":"<p>POR LOS BORDES&nbsp;\ufffd\ufffd\ufe0fArte, est\u00e9tica y representaci\u00f3nActivaciones y resistencias entre el caos y el orden Cu\u00e1les son los funcionamientos que el proceso art\u00edstico como forma de lo vital, aporta a la l\u00f3gica del sentido de las identidades. C\u00f3mo se puede pensar con y desde el arte, para una desestructuraci\u00f3n y des fundamento de la materialidad y l\u00f3gica identitaria, a favor de la pluralidad, tanto de la &hellip; <a href=\"https:\/\/cultura.sma.gob.ar\/?p=4239\" class=\"more-link\">Continue reading <span class=\"screen-reader-text\">&#8221;Por los bordes&#8221;: Arte, est\u00e9tica y representaci\u00f3n<\/span><\/a><\/p>\n","protected":false},"author":1,"featured_media":297,"comment_status":"closed","ping_status":"","sticky":false,"template":"","format":"image","meta":{"footnotes":""},"categories":[2,9],"tags":[],"class_list":["post-4239","post","type-post","status-publish","format-image","has-post-thumbnail","hentry","category-ciudad-cultural","category-ultimas-noticias","post_format-post-format-image"],"_links":{"self":[{"href":"https:\/\/cultura.sma.gob.ar\/index.php?rest_route=\/wp\/v2\/posts\/4239","targetHints":{"allow":["GET"]}}],"collection":[{"href":"https:\/\/cultura.sma.gob.ar\/index.php?rest_route=\/wp\/v2\/posts"}],"about":[{"href":"https:\/\/cultura.sma.gob.ar\/index.php?rest_route=\/wp\/v2\/types\/post"}],"author":[{"embeddable":true,"href":"https:\/\/cultura.sma.gob.ar\/index.php?rest_route=\/wp\/v2\/users\/1"}],"replies":[{"embeddable":true,"href":"https:\/\/cultura.sma.gob.ar\/index.php?rest_route=%2Fwp%2Fv2%2Fcomments&post=4239"}],"version-history":[{"count":1,"href":"https:\/\/cultura.sma.gob.ar\/index.php?rest_route=\/wp\/v2\/posts\/4239\/revisions"}],"predecessor-version":[{"id":4241,"href":"https:\/\/cultura.sma.gob.ar\/index.php?rest_route=\/wp\/v2\/posts\/4239\/revisions\/4241"}],"wp:featuredmedia":[{"embeddable":true,"href":"https:\/\/cultura.sma.gob.ar\/index.php?rest_route=\/wp\/v2\/media\/297"}],"wp:attachment":[{"href":"https:\/\/cultura.sma.gob.ar\/index.php?rest_route=%2Fwp%2Fv2%2Fmedia&parent=4239"}],"wp:term":[{"taxonomy":"category","embeddable":true,"href":"https:\/\/cultura.sma.gob.ar\/index.php?rest_route=%2Fwp%2Fv2%2Fcategories&post=4239"},{"taxonomy":"post_tag","embeddable":true,"href":"https:\/\/cultura.sma.gob.ar\/index.php?rest_route=%2Fwp%2Fv2%2Ftags&post=4239"}],"curies":[{"name":"wp","href":"https:\/\/api.w.org\/{rel}","templated":true}]}}