{"id":4235,"date":"2022-11-06T19:28:52","date_gmt":"2022-11-06T22:28:52","guid":{"rendered":"http:\/\/cultura.sma.gob.ar\/?p=4235"},"modified":"2022-11-07T20:38:17","modified_gmt":"2022-11-07T23:38:17","slug":"el-teatro-va-a-las-escuelas-en-la-sala-amankay","status":"publish","type":"post","link":"https:\/\/cultura.sma.gob.ar\/?p=4235","title":{"rendered":"&#8221;El teatro va a las escuelas&#8221;, en la Sala Amankay"},"content":{"rendered":"\n<figure class=\"wp-block-image size-large\"><img loading=\"lazy\" decoding=\"async\" width=\"422\" height=\"592\" src=\"http:\/\/cultura.sma.gob.ar\/wp-content\/uploads\/2022\/11\/El-teatro-va-a-las-aulas-flyer.jpg\" alt=\"\" class=\"wp-image-4236\" srcset=\"https:\/\/cultura.sma.gob.ar\/wp-content\/uploads\/2022\/11\/El-teatro-va-a-las-aulas-flyer.jpg 422w, https:\/\/cultura.sma.gob.ar\/wp-content\/uploads\/2022\/11\/El-teatro-va-a-las-aulas-flyer-214x300.jpg 214w, https:\/\/cultura.sma.gob.ar\/wp-content\/uploads\/2022\/11\/El-teatro-va-a-las-aulas-flyer-64x90.jpg 64w\" sizes=\"auto, (max-width: 422px) 100vw, 422px\" \/><\/figure>\n\n\n\n<p>El pr\u00f3ximo mi\u00e9rcoles, 09 de noviembre a las 19:30hs, en la Sala Amankay de nuestro querido Centro Cultural, compartiremos tres obras teatrales en el marco del Proyecto \u201cEL TEATRO VA A LAS AULAS\u201d. Las mismas son realizadas por estudiantes de 3\u00b0 a\u00f1o Tuno Noche del CPEM N\u00b057 y del CPEM N\u00b013.<br>La noche comenzar\u00e1 con &#8220;Convenci\u00f3n de Mucamos&#8221; protagonizada por alumnos de 3\u00b0 B del CPEM N\u00b057; le seguir\u00e1 &#8220;Descontrol Hospitalario&#8221; realizada por estudiantes de 3\u00b0 A del mismo colegio, quienes pedir\u00e1n una colaboraci\u00f3n a la gorra; y, como cierre del espect\u00e1culo, se estrenar\u00e1 &#8220;Casamiento siglo XXI&#8221; con la participaci\u00f3n estelar de alumnos de 3\u00b0 C del CPEM N\u00b013.<br>En este caso se puede colaborar con un alimento no perecedero.<br>Las actividades se enmarcan en la propuesta pedag\u00f3gica del IFD N\u00b03 &#8220;El teatro va a las aulas&#8221; dirigida por el director Gustavo Lozano y el proyecto de las escuelas secundarias \u201cTeatro a Full\u201d y \u201cTeatro a Pleno\u201d coordinado por diferentes docentes de los establecimientos educativos. Cabe destacar que por primera vez se presentar\u00e1n 3 obras teatrales de adultos que est\u00e1n finalizando su escuela secundaria y que ha requerido de un gran compromiso y esfuerzo para llevar adelante esta presentaci\u00f3n.<\/p>\n\n\n\n<p>Entrada libre y gratuita disponibles en boleteria, de martes a domingo de 16hs a 22hs.<\/p>\n\n\n\n<figure class=\"wp-block-image size-large\"><img loading=\"lazy\" decoding=\"async\" width=\"723\" height=\"1024\" src=\"http:\/\/cultura.sma.gob.ar\/wp-content\/uploads\/2022\/11\/WhatsApp-Image-2022-11-04-at-21.22.58-1.jpeg\" alt=\"\" class=\"wp-image-4247\" srcset=\"https:\/\/cultura.sma.gob.ar\/wp-content\/uploads\/2022\/11\/WhatsApp-Image-2022-11-04-at-21.22.58-1.jpeg 723w, https:\/\/cultura.sma.gob.ar\/wp-content\/uploads\/2022\/11\/WhatsApp-Image-2022-11-04-at-21.22.58-1-212x300.jpeg 212w, https:\/\/cultura.sma.gob.ar\/wp-content\/uploads\/2022\/11\/WhatsApp-Image-2022-11-04-at-21.22.58-1-64x90.jpeg 64w\" sizes=\"auto, (max-width: 723px) 100vw, 723px\" \/><\/figure>\n\n\n\n<figure class=\"wp-block-image size-large\"><img loading=\"lazy\" decoding=\"async\" width=\"723\" height=\"1024\" src=\"http:\/\/cultura.sma.gob.ar\/wp-content\/uploads\/2022\/11\/WhatsApp-Image-2022-11-04-at-21.22.59-1.jpeg\" alt=\"\" class=\"wp-image-4248\" srcset=\"https:\/\/cultura.sma.gob.ar\/wp-content\/uploads\/2022\/11\/WhatsApp-Image-2022-11-04-at-21.22.59-1.jpeg 723w, https:\/\/cultura.sma.gob.ar\/wp-content\/uploads\/2022\/11\/WhatsApp-Image-2022-11-04-at-21.22.59-1-212x300.jpeg 212w, https:\/\/cultura.sma.gob.ar\/wp-content\/uploads\/2022\/11\/WhatsApp-Image-2022-11-04-at-21.22.59-1-64x90.jpeg 64w\" sizes=\"auto, (max-width: 723px) 100vw, 723px\" \/><\/figure>\n","protected":false},"excerpt":{"rendered":"<p>El pr\u00f3ximo mi\u00e9rcoles, 09 de noviembre a las 19:30hs, en la Sala Amankay de nuestro querido Centro Cultural, compartiremos tres obras teatrales en el marco del Proyecto \u201cEL TEATRO VA A LAS AULAS\u201d. Las mismas son realizadas por estudiantes de 3\u00b0 a\u00f1o Tuno Noche del CPEM N\u00b057 y del CPEM N\u00b013.La noche comenzar\u00e1 con &#8220;Convenci\u00f3n de Mucamos&#8221; protagonizada por alumnos de 3\u00b0 B del CPEM &hellip; <a href=\"https:\/\/cultura.sma.gob.ar\/?p=4235\" class=\"more-link\">Continue reading <span class=\"screen-reader-text\">&#8221;El teatro va a las escuelas&#8221;, en la Sala Amankay<\/span><\/a><\/p>\n","protected":false},"author":1,"featured_media":297,"comment_status":"closed","ping_status":"","sticky":false,"template":"","format":"image","meta":{"footnotes":""},"categories":[2,9],"tags":[],"class_list":["post-4235","post","type-post","status-publish","format-image","has-post-thumbnail","hentry","category-ciudad-cultural","category-ultimas-noticias","post_format-post-format-image"],"_links":{"self":[{"href":"https:\/\/cultura.sma.gob.ar\/index.php?rest_route=\/wp\/v2\/posts\/4235","targetHints":{"allow":["GET"]}}],"collection":[{"href":"https:\/\/cultura.sma.gob.ar\/index.php?rest_route=\/wp\/v2\/posts"}],"about":[{"href":"https:\/\/cultura.sma.gob.ar\/index.php?rest_route=\/wp\/v2\/types\/post"}],"author":[{"embeddable":true,"href":"https:\/\/cultura.sma.gob.ar\/index.php?rest_route=\/wp\/v2\/users\/1"}],"replies":[{"embeddable":true,"href":"https:\/\/cultura.sma.gob.ar\/index.php?rest_route=%2Fwp%2Fv2%2Fcomments&post=4235"}],"version-history":[{"count":2,"href":"https:\/\/cultura.sma.gob.ar\/index.php?rest_route=\/wp\/v2\/posts\/4235\/revisions"}],"predecessor-version":[{"id":4249,"href":"https:\/\/cultura.sma.gob.ar\/index.php?rest_route=\/wp\/v2\/posts\/4235\/revisions\/4249"}],"wp:featuredmedia":[{"embeddable":true,"href":"https:\/\/cultura.sma.gob.ar\/index.php?rest_route=\/wp\/v2\/media\/297"}],"wp:attachment":[{"href":"https:\/\/cultura.sma.gob.ar\/index.php?rest_route=%2Fwp%2Fv2%2Fmedia&parent=4235"}],"wp:term":[{"taxonomy":"category","embeddable":true,"href":"https:\/\/cultura.sma.gob.ar\/index.php?rest_route=%2Fwp%2Fv2%2Fcategories&post=4235"},{"taxonomy":"post_tag","embeddable":true,"href":"https:\/\/cultura.sma.gob.ar\/index.php?rest_route=%2Fwp%2Fv2%2Ftags&post=4235"}],"curies":[{"name":"wp","href":"https:\/\/api.w.org\/{rel}","templated":true}]}}