{"id":4231,"date":"2022-11-06T19:26:45","date_gmt":"2022-11-06T22:26:45","guid":{"rendered":"http:\/\/cultura.sma.gob.ar\/?p=4231"},"modified":"2022-11-06T19:26:45","modified_gmt":"2022-11-06T22:26:45","slug":"proyeccion-de-quiero-bailar-la-sala-gunther-blaas","status":"publish","type":"post","link":"https:\/\/cultura.sma.gob.ar\/?p=4231","title":{"rendered":"Proyecci\u00f3n de &#8221;Quiero bailar&#8221; la Sala G\u00fcnther Blaas"},"content":{"rendered":"\n<figure class=\"wp-block-image size-large\"><img loading=\"lazy\" decoding=\"async\" width=\"500\" height=\"750\" src=\"http:\/\/cultura.sma.gob.ar\/wp-content\/uploads\/2022\/11\/QUIERO-BAILAR-2.jpg\" alt=\"\" class=\"wp-image-4232\" srcset=\"https:\/\/cultura.sma.gob.ar\/wp-content\/uploads\/2022\/11\/QUIERO-BAILAR-2.jpg 500w, https:\/\/cultura.sma.gob.ar\/wp-content\/uploads\/2022\/11\/QUIERO-BAILAR-2-200x300.jpg 200w, https:\/\/cultura.sma.gob.ar\/wp-content\/uploads\/2022\/11\/QUIERO-BAILAR-2-60x90.jpg 60w\" sizes=\"auto, (max-width: 500px) 100vw, 500px\" \/><\/figure>\n\n\n\n<p>El jueves, 17 de Noviembre a las 20:30hs en la Sala G\u00fcnther Blaas del Centro Cultural Cotesma, continuamos con la 6ta. Temporada de Proyecciones a la gorra. Como los a\u00f1os anteriores, la programaci\u00f3n y la presentaci\u00f3n est\u00e1 a cargo de Guillermo Ianniello, este a\u00f1o a beneficio del Club de Leones San Mart\u00edn de los Andes \u2013 Chapelco.<br>Finalizando el Ciclo N\u00b036 (Sexto de este a\u00f1o) titulado \u201cEL IMPECABLE CINE BRIT\u00c1NICO\u201d, se proyectar\u00e1 \u201cQUIERO BAILAR (Billy Elliot)\u201d (dirigida por Stephen Daldry y protagonizada por Jamie Bell, Julie Walters y Jean Heywood.<\/p>\n\n\n\n<p><strong><u><br>\u201cQUIERO BAILAR\u201d<\/u><\/strong><strong>.&nbsp;<\/strong>(2014-Color) &nbsp;<br>Esta brillante obra cinematogr\u00e1fica, capta de principio a fin el inter\u00e9s y la pasi\u00f3n por seguirla de quien se ponga a verla.<br><br>Cine de apertura a lo innato, mostrando el choque del talento con el medio inapropiado y la capacidad de flexibilidad o no de ese mismo entorno para aceptarlo y potenciarlo en lugar de anularlo y hundirlo. Hermos\u00edsima historia del inicio de una vocaci\u00f3n extraordinaria en medio de un c\u00edrculo hostil, apuntando al esfuerzo, al sacrificio, a las dificultades y a la voluntad por volar alto con el potencial propio de ser uno mismo.<br><br>La banda sonora con canciones de los 80, la cuidada ambientaci\u00f3n de esa d\u00e9cada, el gui\u00f3n perfectamente escrito y rodado y las interpretaciones de los actores principales hacen de Billy Elliot (Quiero Bailar) un pelicul\u00f3n de los que habr\u00eda que ver varias veces al a\u00f1o, si los hubiera\u2026<br><br>Completamente cre\u00edble, agradable y entretenida en todo momento, la cinta cala hondo todas las emociones que pretende transmitir.<br>Una obra de mucha sensibilidad y espl\u00e9ndida narraci\u00f3n que nos abraza emocionadamente el alma. No se pierdan este inolvidable film\u2026<br><br>Duraci\u00f3n: 1 h 50\u2019.-<\/p>\n","protected":false},"excerpt":{"rendered":"<p>El jueves, 17 de Noviembre a las 20:30hs en la Sala G\u00fcnther Blaas del Centro Cultural Cotesma, continuamos con la 6ta. Temporada de Proyecciones a la gorra. Como los a\u00f1os anteriores, la programaci\u00f3n y la presentaci\u00f3n est\u00e1 a cargo de Guillermo Ianniello, este a\u00f1o a beneficio del Club de Leones San Mart\u00edn de los Andes \u2013 Chapelco.Finalizando el Ciclo N\u00b036 (Sexto de este a\u00f1o) titulado &hellip; <a href=\"https:\/\/cultura.sma.gob.ar\/?p=4231\" class=\"more-link\">Continue reading <span class=\"screen-reader-text\">Proyecci\u00f3n de &#8221;Quiero bailar&#8221; la Sala G\u00fcnther Blaas<\/span><\/a><\/p>\n","protected":false},"author":1,"featured_media":297,"comment_status":"closed","ping_status":"","sticky":false,"template":"","format":"image","meta":{"footnotes":""},"categories":[2,9],"tags":[],"class_list":["post-4231","post","type-post","status-publish","format-image","has-post-thumbnail","hentry","category-ciudad-cultural","category-ultimas-noticias","post_format-post-format-image"],"_links":{"self":[{"href":"https:\/\/cultura.sma.gob.ar\/index.php?rest_route=\/wp\/v2\/posts\/4231","targetHints":{"allow":["GET"]}}],"collection":[{"href":"https:\/\/cultura.sma.gob.ar\/index.php?rest_route=\/wp\/v2\/posts"}],"about":[{"href":"https:\/\/cultura.sma.gob.ar\/index.php?rest_route=\/wp\/v2\/types\/post"}],"author":[{"embeddable":true,"href":"https:\/\/cultura.sma.gob.ar\/index.php?rest_route=\/wp\/v2\/users\/1"}],"replies":[{"embeddable":true,"href":"https:\/\/cultura.sma.gob.ar\/index.php?rest_route=%2Fwp%2Fv2%2Fcomments&post=4231"}],"version-history":[{"count":1,"href":"https:\/\/cultura.sma.gob.ar\/index.php?rest_route=\/wp\/v2\/posts\/4231\/revisions"}],"predecessor-version":[{"id":4233,"href":"https:\/\/cultura.sma.gob.ar\/index.php?rest_route=\/wp\/v2\/posts\/4231\/revisions\/4233"}],"wp:featuredmedia":[{"embeddable":true,"href":"https:\/\/cultura.sma.gob.ar\/index.php?rest_route=\/wp\/v2\/media\/297"}],"wp:attachment":[{"href":"https:\/\/cultura.sma.gob.ar\/index.php?rest_route=%2Fwp%2Fv2%2Fmedia&parent=4231"}],"wp:term":[{"taxonomy":"category","embeddable":true,"href":"https:\/\/cultura.sma.gob.ar\/index.php?rest_route=%2Fwp%2Fv2%2Fcategories&post=4231"},{"taxonomy":"post_tag","embeddable":true,"href":"https:\/\/cultura.sma.gob.ar\/index.php?rest_route=%2Fwp%2Fv2%2Ftags&post=4231"}],"curies":[{"name":"wp","href":"https:\/\/api.w.org\/{rel}","templated":true}]}}