{"id":4227,"date":"2022-11-06T19:24:10","date_gmt":"2022-11-06T22:24:10","guid":{"rendered":"http:\/\/cultura.sma.gob.ar\/?p=4227"},"modified":"2022-11-06T19:24:10","modified_gmt":"2022-11-06T22:24:10","slug":"bien-popular-en-la-sala-amankay","status":"publish","type":"post","link":"https:\/\/cultura.sma.gob.ar\/?p=4227","title":{"rendered":"&#8221;Bien popular&#8221;, en la Sala Amankay"},"content":{"rendered":"\n<figure class=\"wp-block-image size-large\"><img loading=\"lazy\" decoding=\"async\" width=\"723\" height=\"1024\" src=\"http:\/\/cultura.sma.gob.ar\/wp-content\/uploads\/2022\/11\/Bien-Popular-Flyer-723x1024.jpg\" alt=\"\" class=\"wp-image-4228\" srcset=\"https:\/\/cultura.sma.gob.ar\/wp-content\/uploads\/2022\/11\/Bien-Popular-Flyer-723x1024.jpg 723w, https:\/\/cultura.sma.gob.ar\/wp-content\/uploads\/2022\/11\/Bien-Popular-Flyer-212x300.jpg 212w, https:\/\/cultura.sma.gob.ar\/wp-content\/uploads\/2022\/11\/Bien-Popular-Flyer-768x1087.jpg 768w, https:\/\/cultura.sma.gob.ar\/wp-content\/uploads\/2022\/11\/Bien-Popular-Flyer-64x90.jpg 64w, https:\/\/cultura.sma.gob.ar\/wp-content\/uploads\/2022\/11\/Bien-Popular-Flyer.jpg 904w\" sizes=\"auto, (max-width: 723px) 100vw, 723px\" \/><\/figure>\n\n\n\n<p>El pr\u00f3ximo s\u00e1bado, 12 de noviembre a las 20hs, llega \u201cBIEN POPULAR\u201d a nuestra querida Sala Amankay.<br>\u201cBien Popular\u201d es un espect\u00e1culo de danza y m\u00fasica popular de la Escuela Superior de M\u00fasica de San Martin de los Andes, que surge por la necesidad de conocer otros ritmos folcl\u00f3ricos&nbsp;y el deseo de traerlos a escena.<br>Con la&nbsp;caracter\u00edstica que el trabajo se realiza todo el a\u00f1o entre las distintas c\u00e1tedras y de manera horizontal entre alumnos y profesores. Buscando poder crear v\u00ednculos de trabajo que enriquezcan la pr\u00e1ctica \u00e1ulica y el desarrollo art\u00edstico de sus participantes.<br>Un viaje por distintos ritmos como chamarrita, shotis, chopi formose\u00f1o, patria, Escondido, Remedio Atamishque\u00f1o, Bailecito norte\u00f1o, Malambo, Tonada y Cueca Neuquina, Zamba, Huella, Huayno entre otros.<\/p>\n\n\n\n<p>Entrada libre y gratuita (A retirar en la boleteria del Centro Cultural) y el d\u00eda del evento se podr\u00e1 colaborar con un bono contribuci\u00f3n.<\/p>\n\n\n\n<p>El espect\u00e1culo est\u00e1 a cargo de Freddy Arroyo en los&nbsp;ensambles musicales y Yanina Prieto en Danza.<\/p>\n\n\n\n<p>Musicos<br>Percusi\u00f3n: Paz Zapiola y Jorge Neira<br>Guitarras: Alexis Cortes, Freddy Arroyo y Daniel Ducos<br>Bajo: Gabriel Pati\u00f1o y Milo Levang<br>Viol\u00edn: Agustina Henriquez, Tania Rubiolo<br>Cantantes: Luis Castillo, Lucila Marsico, Luciana Ludue\u00f1a, Franco Agostino.<br>Flautas: Matias Foia, Judith Kirtz<br>Clarinete: Sebastian Drach<br>Acorde\u00f3n: Esteban Gismonti<br>Piano: Laura Rubio<br>Charango: Daniel Ducos<br>Artista invitado: Israel Prieto<\/p>\n\n\n\n<p>Bailarines<br>Iara Sanabria<br>Oriel Condori<br>Iara Dominguez<br>Agostina&nbsp;Pastchbacher<br>Brisa Farias<br>Ailin Cardenas<br>Emilia Baige<br>Diego Vicentini<br>Gustavo Nakielsky<br>Nicolas Voccia<br>Jorge Huenaihuen<br>Lucia Sanchez<br>Norma Sanchez<br>Monica Balabani<br>Mariela Gregorini<br>Carolina Menco<br>Franco Agostino<br>Emmanuel Milla\u00f1anco<br>Rodrigo Nolazco<br>Luciana ludue\u00f1a<br>Matias Meichtri<br>Camila Barros<br>Sandra Del Valle<br>Catalina Bareiro<br>Rayen Carrillo<br>Candela Blanco<br>Facundo Torres<br>Agostina Garrido Calfu<br>Agustina Loncopan<br>Prieto Yanina<\/p>\n\n\n\n<p>Sonido: Julian Falvella<br>Imagen y video: Mariano Rivanera y Clara Suarez<br>Gr\u00e1fica. Maggie Romero<br>Conducci\u00f3n: Natacha Fernandez de Cieza&nbsp;<\/p>\n","protected":false},"excerpt":{"rendered":"<p>El pr\u00f3ximo s\u00e1bado, 12 de noviembre a las 20hs, llega \u201cBIEN POPULAR\u201d a nuestra querida Sala Amankay.\u201cBien Popular\u201d es un espect\u00e1culo de danza y m\u00fasica popular de la Escuela Superior de M\u00fasica de San Martin de los Andes, que surge por la necesidad de conocer otros ritmos folcl\u00f3ricos&nbsp;y el deseo de traerlos a escena.Con la&nbsp;caracter\u00edstica que el trabajo se realiza todo el a\u00f1o entre las &hellip; <a href=\"https:\/\/cultura.sma.gob.ar\/?p=4227\" class=\"more-link\">Continue reading <span class=\"screen-reader-text\">&#8221;Bien popular&#8221;, en la Sala Amankay<\/span><\/a><\/p>\n","protected":false},"author":1,"featured_media":297,"comment_status":"closed","ping_status":"","sticky":false,"template":"","format":"image","meta":{"footnotes":""},"categories":[2,9],"tags":[],"class_list":["post-4227","post","type-post","status-publish","format-image","has-post-thumbnail","hentry","category-ciudad-cultural","category-ultimas-noticias","post_format-post-format-image"],"_links":{"self":[{"href":"https:\/\/cultura.sma.gob.ar\/index.php?rest_route=\/wp\/v2\/posts\/4227","targetHints":{"allow":["GET"]}}],"collection":[{"href":"https:\/\/cultura.sma.gob.ar\/index.php?rest_route=\/wp\/v2\/posts"}],"about":[{"href":"https:\/\/cultura.sma.gob.ar\/index.php?rest_route=\/wp\/v2\/types\/post"}],"author":[{"embeddable":true,"href":"https:\/\/cultura.sma.gob.ar\/index.php?rest_route=\/wp\/v2\/users\/1"}],"replies":[{"embeddable":true,"href":"https:\/\/cultura.sma.gob.ar\/index.php?rest_route=%2Fwp%2Fv2%2Fcomments&post=4227"}],"version-history":[{"count":1,"href":"https:\/\/cultura.sma.gob.ar\/index.php?rest_route=\/wp\/v2\/posts\/4227\/revisions"}],"predecessor-version":[{"id":4229,"href":"https:\/\/cultura.sma.gob.ar\/index.php?rest_route=\/wp\/v2\/posts\/4227\/revisions\/4229"}],"wp:featuredmedia":[{"embeddable":true,"href":"https:\/\/cultura.sma.gob.ar\/index.php?rest_route=\/wp\/v2\/media\/297"}],"wp:attachment":[{"href":"https:\/\/cultura.sma.gob.ar\/index.php?rest_route=%2Fwp%2Fv2%2Fmedia&parent=4227"}],"wp:term":[{"taxonomy":"category","embeddable":true,"href":"https:\/\/cultura.sma.gob.ar\/index.php?rest_route=%2Fwp%2Fv2%2Fcategories&post=4227"},{"taxonomy":"post_tag","embeddable":true,"href":"https:\/\/cultura.sma.gob.ar\/index.php?rest_route=%2Fwp%2Fv2%2Ftags&post=4227"}],"curies":[{"name":"wp","href":"https:\/\/api.w.org\/{rel}","templated":true}]}}