{"id":4218,"date":"2022-11-01T21:47:00","date_gmt":"2022-11-02T00:47:00","guid":{"rendered":"http:\/\/cultura.sma.gob.ar\/?p=4218"},"modified":"2022-11-01T21:47:00","modified_gmt":"2022-11-02T00:47:00","slug":"proyeccion-de-el-discurso-del-rey-en-la-sala-gunther-blaas","status":"publish","type":"post","link":"https:\/\/cultura.sma.gob.ar\/?p=4218","title":{"rendered":"Proyecci\u00f3n de &#8221;El Discurso del Rey&#8221; en la Sala G\u00fcnther Blaas"},"content":{"rendered":"\n<figure class=\"wp-block-image size-large\"><img loading=\"lazy\" decoding=\"async\" width=\"530\" height=\"750\" src=\"http:\/\/cultura.sma.gob.ar\/wp-content\/uploads\/2022\/11\/El-discurso-del-rey.jpg\" alt=\"\" class=\"wp-image-4219\" srcset=\"https:\/\/cultura.sma.gob.ar\/wp-content\/uploads\/2022\/11\/El-discurso-del-rey.jpg 530w, https:\/\/cultura.sma.gob.ar\/wp-content\/uploads\/2022\/11\/El-discurso-del-rey-212x300.jpg 212w, https:\/\/cultura.sma.gob.ar\/wp-content\/uploads\/2022\/11\/El-discurso-del-rey-64x90.jpg 64w\" sizes=\"auto, (max-width: 530px) 100vw, 530px\" \/><\/figure>\n\n\n\n<p>El jueves, 03 de Noviembre a las 20:30hs en la Sala G\u00fcnther Blaas del Centro Cultural Cotesma, continuamos con la 6ta. Temporada de Proyecciones a la gorra. Como los a\u00f1os anteriores, la programaci\u00f3n y la presentaci\u00f3n est\u00e1 a cargo de Guillermo Ianniello, este a\u00f1o a beneficio del Club de Leones San Mart\u00edn de los Andes \u2013 Chapelco.<br>En la tercera proyecci\u00f3n del Ciclo N\u00b036 (Sexto de este a\u00f1o) titulado \u201cEL IMPECABLE CINE BRIT\u00c1NICO\u201d, se proyectar\u00e1 \u201cEL DISCURSO DEL REY\u201d dirigida por Tom Hooper y protagonizada por Colin Firth, Geoffrey Rush, Claire Bloom&nbsp;y Helena Bonham Carter.<\/p>\n\n\n\n<p><strong>\u201cEL DISCURSO DEL REY\u201d<\/strong><strong>.&nbsp;<\/strong>(2010-Color)&nbsp;<br>Resulta admirable que en una pel\u00edcula cuyo tema central es el habla, se preste tanta atenci\u00f3n al lenguaje visual como al lenguaje oral, evitando la tentaci\u00f3n de lo teatral, tan cara a la cinematograf\u00eda inglesa.<\/p>\n\n\n\n<p>Adem\u00e1s, los rostros de Colin Firth (qu\u00e9 mirada m\u00e1s angustiada y angustiosa) y de Geoffrey Rush convierten en innecesarias las explicaciones.<br>Dos grandes actores que se bastan por s\u00ed solos para dar vida a la funci\u00f3n y bien acompa\u00f1ados por un excelente reparto en el que destaca una querible Helena Bonham Carter.<\/p>\n\n\n\n<p>La naturaleza excelsamente brit\u00e1nica hace del humor pieza clave en el desarrollo del argumento. Pero la esencia del film reside en las interpretaciones, sin duda.<\/p>\n\n\n\n<p>Constituye uno de los principales aciertos de la obra la representaci\u00f3n cre\u00edble y ajustada de la dimensi\u00f3n humana de los personajes.<br>Situados frente a sus retos personales y a sus limitaciones, los protagonistas llenan la pantalla de sentido humano, limitaciones, sentimientos y emociones, que el guion construye con una acertada y brillante riqueza de tonos y colores.<\/p>\n\n\n\n<p>Los di\u00e1logos potencian el significado de las interpretaciones, as\u00ed como la gestualidad y los sonidos, que el film trata con atenci\u00f3n, \u00e9nfasis y mesura.<\/p>\n\n\n\n<p>Ganadora de todos los premios de los m\u00e1s importantes festivales de cine. \u00a1\u00a1\u00a1Brillante!!!<\/p>\n\n\n\n<p>Duraci\u00f3n: 1 h. 58\u2019.-<\/p>\n\n\n\n<p>********************************************************************************************<br>Este ciclo incluye tambi\u00e9n la siguiente pel\u00edcula:<br>*Quiero Bailar (17 de Noviembre)<\/p>\n","protected":false},"excerpt":{"rendered":"<p>El jueves, 03 de Noviembre a las 20:30hs en la Sala G\u00fcnther Blaas del Centro Cultural Cotesma, continuamos con la 6ta. Temporada de Proyecciones a la gorra. Como los a\u00f1os anteriores, la programaci\u00f3n y la presentaci\u00f3n est\u00e1 a cargo de Guillermo Ianniello, este a\u00f1o a beneficio del Club de Leones San Mart\u00edn de los Andes \u2013 Chapelco.En la tercera proyecci\u00f3n del Ciclo N\u00b036 (Sexto de &hellip; <a href=\"https:\/\/cultura.sma.gob.ar\/?p=4218\" class=\"more-link\">Continue reading <span class=\"screen-reader-text\">Proyecci\u00f3n de &#8221;El Discurso del Rey&#8221; en la Sala G\u00fcnther Blaas<\/span><\/a><\/p>\n","protected":false},"author":1,"featured_media":297,"comment_status":"closed","ping_status":"","sticky":false,"template":"","format":"image","meta":{"footnotes":""},"categories":[2,9],"tags":[],"class_list":["post-4218","post","type-post","status-publish","format-image","has-post-thumbnail","hentry","category-ciudad-cultural","category-ultimas-noticias","post_format-post-format-image"],"_links":{"self":[{"href":"https:\/\/cultura.sma.gob.ar\/index.php?rest_route=\/wp\/v2\/posts\/4218","targetHints":{"allow":["GET"]}}],"collection":[{"href":"https:\/\/cultura.sma.gob.ar\/index.php?rest_route=\/wp\/v2\/posts"}],"about":[{"href":"https:\/\/cultura.sma.gob.ar\/index.php?rest_route=\/wp\/v2\/types\/post"}],"author":[{"embeddable":true,"href":"https:\/\/cultura.sma.gob.ar\/index.php?rest_route=\/wp\/v2\/users\/1"}],"replies":[{"embeddable":true,"href":"https:\/\/cultura.sma.gob.ar\/index.php?rest_route=%2Fwp%2Fv2%2Fcomments&post=4218"}],"version-history":[{"count":1,"href":"https:\/\/cultura.sma.gob.ar\/index.php?rest_route=\/wp\/v2\/posts\/4218\/revisions"}],"predecessor-version":[{"id":4220,"href":"https:\/\/cultura.sma.gob.ar\/index.php?rest_route=\/wp\/v2\/posts\/4218\/revisions\/4220"}],"wp:featuredmedia":[{"embeddable":true,"href":"https:\/\/cultura.sma.gob.ar\/index.php?rest_route=\/wp\/v2\/media\/297"}],"wp:attachment":[{"href":"https:\/\/cultura.sma.gob.ar\/index.php?rest_route=%2Fwp%2Fv2%2Fmedia&parent=4218"}],"wp:term":[{"taxonomy":"category","embeddable":true,"href":"https:\/\/cultura.sma.gob.ar\/index.php?rest_route=%2Fwp%2Fv2%2Fcategories&post=4218"},{"taxonomy":"post_tag","embeddable":true,"href":"https:\/\/cultura.sma.gob.ar\/index.php?rest_route=%2Fwp%2Fv2%2Ftags&post=4218"}],"curies":[{"name":"wp","href":"https:\/\/api.w.org\/{rel}","templated":true}]}}