{"id":4215,"date":"2022-11-01T21:25:45","date_gmt":"2022-11-02T00:25:45","guid":{"rendered":"http:\/\/cultura.sma.gob.ar\/?p=4215"},"modified":"2022-11-03T22:12:04","modified_gmt":"2022-11-04T01:12:04","slug":"llega-el-9o-festival-de-circo","status":"publish","type":"post","link":"https:\/\/cultura.sma.gob.ar\/?p=4215","title":{"rendered":"Llega el 9\u00ba Festival de Circo"},"content":{"rendered":"\n<figure class=\"wp-block-image size-large\"><img decoding=\"async\" src=\"https:\/\/scontent.fcpc1-1.fna.fbcdn.net\/v\/t39.30808-6\/258381717_4564384806978801_49370486979124336_n.jpg?_nc_cat=107&amp;ccb=1-7&amp;_nc_sid=8bfeb9&amp;_nc_eui2=AeGBobvNXRP8n6nXfYewzhykMSOiFkjp3PMxI6IWSOnc83Kcc19xU9v0GHZfws-7-UaE4Y7zFuS7SGqIHG074eab&amp;_nc_ohc=1JOeQw-TjYkAX-5AsIL&amp;_nc_ht=scontent.fcpc1-1.fna&amp;oh=00_AfBsBuRVE4brjCZb4cvrUH_XRR-MljFllrx4yvHOswwsJw&amp;oe=6367885D\" alt=\"\"\/><\/figure>\n\n\n\n<p>Desde el mi\u00e9rcoles 23 al domingo 27 de noviembre se realizar\u00e1 el 9\u00ba Festival de Circo de San Mart\u00edn de los Andes, con la participaci\u00f3n de compa\u00f1\u00edas de Buenos Aires, Chile, Neuqu\u00e9n y San Mart\u00edn de los Andes.<\/p>\n\n\n\n<p>El evento se desarrollar\u00e1 una vez m\u00e1s en la carpa circense ubicada en la esquina de Gral. Roca y Cap. Drury.<\/p>\n\n\n\n<p>Entre el mi\u00e9rcoles 23 y el viernes 25 se ofrecer\u00e1n las 12 funciones gratuitas \u201cpara escuelas\u201d, con propuestas para todas las edades (cada funci\u00f3n estar\u00e1 destinada a una franja etaria espec\u00edfica). Atenci\u00f3n: <strong>a partir del pr\u00f3ximo lunes 7 <\/strong><strong>de noviembre las escuelas podr\u00e1n hacer sus reservas<\/strong>, llamando a la Subsecretar\u00eda de Educaci\u00f3n al 420522.<\/p>\n\n\n\n<p>Las funciones \u201cde gala\u201d para toda la familia, se realizar\u00e1n el s\u00e1bado 26 y domingo 27&nbsp; de noviembre, a las 20 hs. Los bonos contribuci\u00f3n de $200 se podr\u00e1n adquirir por adelantado en la Secretar\u00eda de Cultura (Cap. Drury 665) desde el mi\u00e9rcoles 23, de 10:00 a 19:00, o el mismo d\u00eda de las funciones, desde&nbsp; las 18:00.<\/p>\n\n\n\n<p>El 9\u00ba Festival de Circo de San Mart\u00edn de los Andes se realiza con el apoyo del IJAN y de la Legislatura de la Provincia del Neuqu\u00e9n.<\/p>\n","protected":false},"excerpt":{"rendered":"<p>Desde el mi\u00e9rcoles 23 al domingo 27 de noviembre se realizar\u00e1 el 9\u00ba Festival de Circo de San Mart\u00edn de los Andes, con la participaci\u00f3n de compa\u00f1\u00edas de Buenos Aires, Chile, Neuqu\u00e9n y San Mart\u00edn de los Andes. El evento se desarrollar\u00e1 una vez m\u00e1s en la carpa circense ubicada en la esquina de Gral. Roca y Cap. Drury. Entre el mi\u00e9rcoles 23 y el &hellip; <a href=\"https:\/\/cultura.sma.gob.ar\/?p=4215\" class=\"more-link\">Continue reading <span class=\"screen-reader-text\">Llega el 9\u00ba Festival de Circo<\/span><\/a><\/p>\n","protected":false},"author":1,"featured_media":293,"comment_status":"closed","ping_status":"","sticky":false,"template":"","format":"image","meta":{"footnotes":""},"categories":[3,9],"tags":[],"class_list":["post-4215","post","type-post","status-publish","format-image","has-post-thumbnail","hentry","category-eventos-cultura","category-ultimas-noticias","post_format-post-format-image"],"_links":{"self":[{"href":"https:\/\/cultura.sma.gob.ar\/index.php?rest_route=\/wp\/v2\/posts\/4215","targetHints":{"allow":["GET"]}}],"collection":[{"href":"https:\/\/cultura.sma.gob.ar\/index.php?rest_route=\/wp\/v2\/posts"}],"about":[{"href":"https:\/\/cultura.sma.gob.ar\/index.php?rest_route=\/wp\/v2\/types\/post"}],"author":[{"embeddable":true,"href":"https:\/\/cultura.sma.gob.ar\/index.php?rest_route=\/wp\/v2\/users\/1"}],"replies":[{"embeddable":true,"href":"https:\/\/cultura.sma.gob.ar\/index.php?rest_route=%2Fwp%2Fv2%2Fcomments&post=4215"}],"version-history":[{"count":1,"href":"https:\/\/cultura.sma.gob.ar\/index.php?rest_route=\/wp\/v2\/posts\/4215\/revisions"}],"predecessor-version":[{"id":4216,"href":"https:\/\/cultura.sma.gob.ar\/index.php?rest_route=\/wp\/v2\/posts\/4215\/revisions\/4216"}],"wp:featuredmedia":[{"embeddable":true,"href":"https:\/\/cultura.sma.gob.ar\/index.php?rest_route=\/wp\/v2\/media\/293"}],"wp:attachment":[{"href":"https:\/\/cultura.sma.gob.ar\/index.php?rest_route=%2Fwp%2Fv2%2Fmedia&parent=4215"}],"wp:term":[{"taxonomy":"category","embeddable":true,"href":"https:\/\/cultura.sma.gob.ar\/index.php?rest_route=%2Fwp%2Fv2%2Fcategories&post=4215"},{"taxonomy":"post_tag","embeddable":true,"href":"https:\/\/cultura.sma.gob.ar\/index.php?rest_route=%2Fwp%2Fv2%2Ftags&post=4215"}],"curies":[{"name":"wp","href":"https:\/\/api.w.org\/{rel}","templated":true}]}}