{"id":4211,"date":"2022-11-01T21:12:28","date_gmt":"2022-11-02T00:12:28","guid":{"rendered":"http:\/\/cultura.sma.gob.ar\/?p=4211"},"modified":"2022-11-01T21:12:28","modified_gmt":"2022-11-02T00:12:28","slug":"abre-la-convocatoria-para-artistas-o-colectivos-visuales-locales-que-deseen-desarrollar-y-exhibir-sus-propuestas-expositivas-durante-el-2023-en-la-sala-chapitel","status":"publish","type":"post","link":"https:\/\/cultura.sma.gob.ar\/?p=4211","title":{"rendered":"Abre la convocatoria para artistas o colectivos visuales locales que deseen desarrollar y exhibir sus propuestas expositivas durante el 2023 en la Sala Chapitel"},"content":{"rendered":"\n<figure class=\"wp-block-image size-large\"><img loading=\"lazy\" decoding=\"async\" width=\"1024\" height=\"1024\" src=\"http:\/\/cultura.sma.gob.ar\/wp-content\/uploads\/2022\/11\/convocatoria-22_v2-01-1024x1024.jpg\" alt=\"\" class=\"wp-image-4212\" srcset=\"https:\/\/cultura.sma.gob.ar\/wp-content\/uploads\/2022\/11\/convocatoria-22_v2-01-1024x1024.jpg 1024w, https:\/\/cultura.sma.gob.ar\/wp-content\/uploads\/2022\/11\/convocatoria-22_v2-01-300x300.jpg 300w, https:\/\/cultura.sma.gob.ar\/wp-content\/uploads\/2022\/11\/convocatoria-22_v2-01-150x150.jpg 150w, https:\/\/cultura.sma.gob.ar\/wp-content\/uploads\/2022\/11\/convocatoria-22_v2-01-768x768.jpg 768w, https:\/\/cultura.sma.gob.ar\/wp-content\/uploads\/2022\/11\/convocatoria-22_v2-01-1536x1536.jpg 1536w, https:\/\/cultura.sma.gob.ar\/wp-content\/uploads\/2022\/11\/convocatoria-22_v2-01-90x90.jpg 90w, https:\/\/cultura.sma.gob.ar\/wp-content\/uploads\/2022\/11\/convocatoria-22_v2-01.jpg 1875w\" sizes=\"auto, (max-width: 1024px) 100vw, 1024px\" \/><\/figure>\n\n\n\n<p>Podr\u00e1n enviar sus proyectos v\u00eda mail hasta el 15 de enero de 2023, pudiendo incluir diferentes lenguajes y disciplinas: instalaci\u00f3n, fotograf\u00eda, pintura, video arte, dibujo, escultura, performance u otra t\u00e9cnica que combine \u00e9stos u otros procedimientos entre s\u00ed.<\/p>\n\n\n\n<p>A quienes lo deseen, se ofrecer\u00e1 acompa\u00f1amiento y asesoramiento para la confecci\u00f3n de la propuesta por parte del equipo profesional de la sala.<\/p>\n\n\n\n<p><strong>Compartimos las bases y condiciones:<\/strong><\/p>\n\n\n\n<p>A qui\u00e9nes est\u00e1 dirigida.\u00a0La convocatoria est\u00e1 dirigida a artistas o<br>colectivos visuales de San Mart\u00edn de los Andes exclusivamente, mayores<br>de 18 a\u00f1os, que utilicen cualquier tipo de lenguaje: instalaci\u00f3n, fotograf\u00eda,<br>pintura, video arte, dibujo, escultura, performance u otra t\u00e9cnica que<br>combine \u00e9stos u otros procedimientos entre s\u00ed.<\/p>\n\n\n\n<p><strong>Presentaci\u00f3n de propuestas. <\/strong><\/p>\n\n\n\n<p>Los artistas o colectivos visuales que deseen participar de la convocatoria tienen plazo\u00a0 hasta el 15 de enero de 2023 inclusive\u00a0 para enviar sus proyectos. Las presentaciones deber\u00e1n enviarse en un \u00fanico archivo pdf*, de hasta 5 MB, rotulado de la siguiente manera: apellido_nombre.pdf, a la direcci\u00f3n de correo:\u00a0 salamunicipal.chapitel@gmail.com\u00a0, asunto: Convocatoria Sala 2023<\/p>\n\n\n\n<p><strong>*El archivo deber\u00e1 contener la siguiente informaci\u00f3n:<\/strong><\/p>\n\n\n\n<p>1-Datos personales: nombre, fecha de nacimiento, datos de contacto (mail-<br>tel\u00e9fono-p\u00e1gina web\/blog)<\/p>\n\n\n\n<p>2-Curr\u00edculum Vitae o biograf\u00eda breve (m\u00e1ximo 1 carilla) que incluya su<br>trayectoria y exposiciones realizadas.<\/p>\n\n\n\n<p>3-T\u00edtulo del proyecto. S\u00edntesis conceptual. Requerimientos log\u00edsticos\/t\u00e9cnicos y<br>de montaje de obra, dos fechas sugeridas para su\u00a0 exposici\u00f3n.<\/p>\n\n\n\n<p>4-Listado del total de obras a exponer con los siguientes datos: t\u00edtulo, t\u00e9cnica,<br>tama\u00f1o y\u00a0 a\u00f1o de realizaci\u00f3n.<\/p>\n\n\n\n<p>5-Un m\u00ednimo de 10 y m\u00e1ximo 15 im\u00e1genes de las obras presentadas con los<br>siguientes datos al pie: t\u00edtulo, t\u00e9cnica, tama\u00f1o, a\u00f1o de realizaci\u00f3n.<\/p>\n\n\n\n<p>6-En el caso de videos, enviar enlaces a sitios como YouTube o Vimeo (si el<br>video estuviera protegido por una contrase\u00f1a, no olvidar enviarla junto con la<br>presentaci\u00f3n).\u00a0<\/p>\n\n\n\n<p>7-Declaraci\u00f3n de autor\u00eda firmada con el siguiente formato:<br>El artista declara\u00a0 y manifiesta\u00a0 que\u00a0 las obras presentadas son de su autor\u00eda, \u00e9l\u00a0 es su \u00fanico y absoluto creador, as\u00ed como su exclusivo y leg\u00edtimo propietario de todas y cada una de dichas Obras de Arte Originales y\/o posee todos los derechos, licencias, consentimientos, permisos y autorizaciones vigentes emitidas por autoridad competente que se requieran para ser publicadas sin \u00e1nimo de lucro. Firma y aclaraci\u00f3n.<\/p>\n\n\n\n<p><strong>Sobre la selecci\u00f3n de obras. <\/strong><\/p>\n\n\n\n<p>Los proyectos ser\u00e1n evaluados por el equipo profesional de la sala. Son v\u00e1lidas todas las expresiones de las artes visuales, cualquiera sea su t\u00e9cnica, procedimiento y tem\u00e1tica<br>No se aceptar\u00e1n propuestas incompletas o que no cumplan con alguno de los requerimientos.<\/p>\n\n\n\n<p><strong>Observaciones. <\/strong><\/p>\n\n\n\n<p>Se priorizar\u00e1n aquellos artistas que no hayan expuesto durante el a\u00f1o 2022, sin ser \u00e9ste un requisito excluyente.<br>Las fechas sugeridas por los artistas para la realizaci\u00f3n de las muestras ser\u00e1n tomadas en cuenta a modo orientativo, dado que los seleccionados deber\u00e1n aceptar la fecha asignada, ya que \u00e9sta se ajustar\u00e1 al cronograma de muestras y actividades generales de la Secretar\u00eda de Cultura.<br>La sala aportar\u00e1: acompa\u00f1amiento y asesoramiento para la confecci\u00f3n del proyecto expositivo a aquellos que lo requieran, la curadur\u00eda de la propuesta, acompa\u00f1amiento en montaje, las piezas gr\u00e1ficas presentes en el espacio y las de difusi\u00f3n digital (flyers, textos sala, biograf\u00edas, nomencladores, carteler\u00eda exterior). Campa\u00f1a de prensa y comunicaci\u00f3n en medios locales y provinciales. Vernissage.<\/p>\n\n\n\n<p>Para mayor informaci\u00f3n comunicarse con la Sala Municipal de Exposiciones Lidaura Chapitel de San Mart\u00edn de los Andes:<br>salamunicipal.chapitel@gmail.com<\/p>\n\n\n\n<p><\/p>\n","protected":false},"excerpt":{"rendered":"<p>Podr\u00e1n enviar sus proyectos v\u00eda mail hasta el 15 de enero de 2023, pudiendo incluir diferentes lenguajes y disciplinas: instalaci\u00f3n, fotograf\u00eda, pintura, video arte, dibujo, escultura, performance u otra t\u00e9cnica que combine \u00e9stos u otros procedimientos entre s\u00ed. A quienes lo deseen, se ofrecer\u00e1 acompa\u00f1amiento y asesoramiento para la confecci\u00f3n de la propuesta por parte del equipo profesional de la sala. Compartimos las bases y &hellip; <a href=\"https:\/\/cultura.sma.gob.ar\/?p=4211\" class=\"more-link\">Continue reading <span class=\"screen-reader-text\">Abre la convocatoria para artistas o colectivos visuales locales que deseen desarrollar y exhibir sus propuestas expositivas durante el 2023 en la Sala Chapitel<\/span><\/a><\/p>\n","protected":false},"author":1,"featured_media":295,"comment_status":"closed","ping_status":"","sticky":false,"template":"","format":"image","meta":{"footnotes":""},"categories":[6,9],"tags":[],"class_list":["post-4211","post","type-post","status-publish","format-image","has-post-thumbnail","hentry","category-sala-lidaura-chapitel","category-ultimas-noticias","post_format-post-format-image"],"_links":{"self":[{"href":"https:\/\/cultura.sma.gob.ar\/index.php?rest_route=\/wp\/v2\/posts\/4211","targetHints":{"allow":["GET"]}}],"collection":[{"href":"https:\/\/cultura.sma.gob.ar\/index.php?rest_route=\/wp\/v2\/posts"}],"about":[{"href":"https:\/\/cultura.sma.gob.ar\/index.php?rest_route=\/wp\/v2\/types\/post"}],"author":[{"embeddable":true,"href":"https:\/\/cultura.sma.gob.ar\/index.php?rest_route=\/wp\/v2\/users\/1"}],"replies":[{"embeddable":true,"href":"https:\/\/cultura.sma.gob.ar\/index.php?rest_route=%2Fwp%2Fv2%2Fcomments&post=4211"}],"version-history":[{"count":1,"href":"https:\/\/cultura.sma.gob.ar\/index.php?rest_route=\/wp\/v2\/posts\/4211\/revisions"}],"predecessor-version":[{"id":4213,"href":"https:\/\/cultura.sma.gob.ar\/index.php?rest_route=\/wp\/v2\/posts\/4211\/revisions\/4213"}],"wp:featuredmedia":[{"embeddable":true,"href":"https:\/\/cultura.sma.gob.ar\/index.php?rest_route=\/wp\/v2\/media\/295"}],"wp:attachment":[{"href":"https:\/\/cultura.sma.gob.ar\/index.php?rest_route=%2Fwp%2Fv2%2Fmedia&parent=4211"}],"wp:term":[{"taxonomy":"category","embeddable":true,"href":"https:\/\/cultura.sma.gob.ar\/index.php?rest_route=%2Fwp%2Fv2%2Fcategories&post=4211"},{"taxonomy":"post_tag","embeddable":true,"href":"https:\/\/cultura.sma.gob.ar\/index.php?rest_route=%2Fwp%2Fv2%2Ftags&post=4211"}],"curies":[{"name":"wp","href":"https:\/\/api.w.org\/{rel}","templated":true}]}}