{"id":4205,"date":"2022-10-30T20:31:47","date_gmt":"2022-10-30T23:31:47","guid":{"rendered":"http:\/\/cultura.sma.gob.ar\/?p=4205"},"modified":"2022-10-30T20:55:16","modified_gmt":"2022-10-30T23:55:16","slug":"llega-junto-al-lacar-de-lydia-zubizarreta-a-la-sala-lidaura-chapitel","status":"publish","type":"post","link":"https:\/\/cultura.sma.gob.ar\/?p=4205","title":{"rendered":"Llega &#8221;Junto al L\u00e1car&#8221; de Lydia Zubizarreta, a la Sala Lidaura Chapitel"},"content":{"rendered":"\n<figure class=\"wp-block-image size-large\"><img loading=\"lazy\" decoding=\"async\" width=\"1024\" height=\"1024\" src=\"http:\/\/cultura.sma.gob.ar\/wp-content\/uploads\/2022\/10\/expo-02-4-1024x1024.jpg\" alt=\"\" class=\"wp-image-4206\" srcset=\"https:\/\/cultura.sma.gob.ar\/wp-content\/uploads\/2022\/10\/expo-02-4-1024x1024.jpg 1024w, https:\/\/cultura.sma.gob.ar\/wp-content\/uploads\/2022\/10\/expo-02-4-300x300.jpg 300w, https:\/\/cultura.sma.gob.ar\/wp-content\/uploads\/2022\/10\/expo-02-4-150x150.jpg 150w, https:\/\/cultura.sma.gob.ar\/wp-content\/uploads\/2022\/10\/expo-02-4-768x768.jpg 768w, https:\/\/cultura.sma.gob.ar\/wp-content\/uploads\/2022\/10\/expo-02-4-1536x1536.jpg 1536w, https:\/\/cultura.sma.gob.ar\/wp-content\/uploads\/2022\/10\/expo-02-4-90x90.jpg 90w, https:\/\/cultura.sma.gob.ar\/wp-content\/uploads\/2022\/10\/expo-02-4.jpg 1875w\" sizes=\"auto, (max-width: 1024px) 100vw, 1024px\" \/><\/figure>\n\n\n\n<p>Aunque los v\u00ednculos entre artista y entorno natural, y con ello los modelos de representaci\u00f3n, se han transformado a lo largo de los siglos, prevalece la necesidad de asumirse parte de la naturaleza.<\/p>\n\n\n\n<p>&#8221;Junto al L\u00e1car&#8221;, de Lydia Zubizarreta propone un reconocimento del entorno: \u201cExpresar la belleza de este amplio territorio es un enorme desaf\u00edo. Como la vida misma, no se da por terminada la obra.\u00a0 Es un proceso abierto al aprendizaje y a nuevas formas sensibles.\u201d<\/p>\n\n\n\n<p>La muestra &#8221;Junto al L\u00e1car&#8221; de Lydia Zubizarreta inaugurar\u00e1 el viernes 4 de noviembre a las 19:30 hs. La misma estar\u00e1 vigente hasta el 17 de noviembre con entrada libre y gratuita, de lunes a viernes de 10 a 12 y de 16 a 20 hs. Los s\u00e1bados de 16 a 20 hs.<br><\/p>\n","protected":false},"excerpt":{"rendered":"<p>Aunque los v\u00ednculos entre artista y entorno natural, y con ello los modelos de representaci\u00f3n, se han transformado a lo largo de los siglos, prevalece la necesidad de asumirse parte de la naturaleza. &#8221;Junto al L\u00e1car&#8221;, de Lydia Zubizarreta propone un reconocimento del entorno: \u201cExpresar la belleza de este amplio territorio es un enorme desaf\u00edo. Como la vida misma, no se da por terminada la &hellip; <a href=\"https:\/\/cultura.sma.gob.ar\/?p=4205\" class=\"more-link\">Continue reading <span class=\"screen-reader-text\">Llega &#8221;Junto al L\u00e1car&#8221; de Lydia Zubizarreta, a la Sala Lidaura Chapitel<\/span><\/a><\/p>\n","protected":false},"author":1,"featured_media":295,"comment_status":"closed","ping_status":"","sticky":false,"template":"","format":"image","meta":{"footnotes":""},"categories":[6,9],"tags":[],"class_list":["post-4205","post","type-post","status-publish","format-image","has-post-thumbnail","hentry","category-sala-lidaura-chapitel","category-ultimas-noticias","post_format-post-format-image"],"_links":{"self":[{"href":"https:\/\/cultura.sma.gob.ar\/index.php?rest_route=\/wp\/v2\/posts\/4205","targetHints":{"allow":["GET"]}}],"collection":[{"href":"https:\/\/cultura.sma.gob.ar\/index.php?rest_route=\/wp\/v2\/posts"}],"about":[{"href":"https:\/\/cultura.sma.gob.ar\/index.php?rest_route=\/wp\/v2\/types\/post"}],"author":[{"embeddable":true,"href":"https:\/\/cultura.sma.gob.ar\/index.php?rest_route=\/wp\/v2\/users\/1"}],"replies":[{"embeddable":true,"href":"https:\/\/cultura.sma.gob.ar\/index.php?rest_route=%2Fwp%2Fv2%2Fcomments&post=4205"}],"version-history":[{"count":3,"href":"https:\/\/cultura.sma.gob.ar\/index.php?rest_route=\/wp\/v2\/posts\/4205\/revisions"}],"predecessor-version":[{"id":4210,"href":"https:\/\/cultura.sma.gob.ar\/index.php?rest_route=\/wp\/v2\/posts\/4205\/revisions\/4210"}],"wp:featuredmedia":[{"embeddable":true,"href":"https:\/\/cultura.sma.gob.ar\/index.php?rest_route=\/wp\/v2\/media\/295"}],"wp:attachment":[{"href":"https:\/\/cultura.sma.gob.ar\/index.php?rest_route=%2Fwp%2Fv2%2Fmedia&parent=4205"}],"wp:term":[{"taxonomy":"category","embeddable":true,"href":"https:\/\/cultura.sma.gob.ar\/index.php?rest_route=%2Fwp%2Fv2%2Fcategories&post=4205"},{"taxonomy":"post_tag","embeddable":true,"href":"https:\/\/cultura.sma.gob.ar\/index.php?rest_route=%2Fwp%2Fv2%2Ftags&post=4205"}],"curies":[{"name":"wp","href":"https:\/\/api.w.org\/{rel}","templated":true}]}}