{"id":4200,"date":"2022-10-27T20:29:39","date_gmt":"2022-10-27T23:29:39","guid":{"rendered":"http:\/\/cultura.sma.gob.ar\/?p=4200"},"modified":"2022-10-27T20:29:39","modified_gmt":"2022-10-27T23:29:39","slug":"3-festival-de-blues-de-san-martin-de-los-andes","status":"publish","type":"post","link":"https:\/\/cultura.sma.gob.ar\/?p=4200","title":{"rendered":"3\u00b0 Festival de Blues de San Mart\u00edn de los Andes"},"content":{"rendered":"\n<figure class=\"wp-block-image size-large\"><img loading=\"lazy\" decoding=\"async\" width=\"806\" height=\"1024\" src=\"http:\/\/cultura.sma.gob.ar\/wp-content\/uploads\/2022\/10\/Instagram-01-01-806x1024.png\" alt=\"\" class=\"wp-image-4201\" srcset=\"https:\/\/cultura.sma.gob.ar\/wp-content\/uploads\/2022\/10\/Instagram-01-01-806x1024.png 806w, https:\/\/cultura.sma.gob.ar\/wp-content\/uploads\/2022\/10\/Instagram-01-01-236x300.png 236w, https:\/\/cultura.sma.gob.ar\/wp-content\/uploads\/2022\/10\/Instagram-01-01-768x976.png 768w, https:\/\/cultura.sma.gob.ar\/wp-content\/uploads\/2022\/10\/Instagram-01-01-71x90.png 71w, https:\/\/cultura.sma.gob.ar\/wp-content\/uploads\/2022\/10\/Instagram-01-01.png 944w\" sizes=\"auto, (max-width: 806px) 100vw, 806px\" \/><\/figure>\n\n\n\n<p>El 5 de noviembre, a las 19 hs, en el Espacio Trama tendr\u00e1 lugar el tercer Festival de Blues de San Mart\u00edn de los Andes.<\/p>\n\n\n\n<p>Declarado de inter\u00e9s municipal por el Concejo Deliberante de nuestra ciudad, el evento reunir\u00e1 a referentes del blues como  Hugo M\u00e9ndez, Alambre Gonz\u00e1les, Marysol Sunshine y Osvaldo Lorenzo, todos de Ciudad Aut\u00f3noma de Buenos Aires, que se sumar\u00e1n La Fun Blues, San Norberto, Romanosky, Lolo Blues, Gisela Paschetta y Sabrina Sabas.<\/p>\n\n\n\n<p>Las entradas se venden en la boleter\u00eda, en el momento del ingreso con un valor de  300 pesos. Las puertas del Espacio Trama se abrir\u00e1n a las 19 hs y el primer show ser\u00e1 a las 19:30, en ambos casos de forma puntual.<\/p>\n\n\n\n<p>El tercer Festival de Blues de San Mart\u00edn de los Andes cuenta con el apoyo de la Secretar\u00eda de Cultura, la Legislatura del Neuqu\u00e9n, y el programa Legislatura Activa.<\/p>\n","protected":false},"excerpt":{"rendered":"<p>El 5 de noviembre, a las 19 hs, en el Espacio Trama tendr\u00e1 lugar el tercer Festival de Blues de San Mart\u00edn de los Andes. Declarado de inter\u00e9s municipal por el Concejo Deliberante de nuestra ciudad, el evento reunir\u00e1 a referentes del blues como Hugo M\u00e9ndez, Alambre Gonz\u00e1les, Marysol Sunshine y Osvaldo Lorenzo, todos de Ciudad Aut\u00f3noma de Buenos Aires, que se sumar\u00e1n La Fun &hellip; <a href=\"https:\/\/cultura.sma.gob.ar\/?p=4200\" class=\"more-link\">Continue reading <span class=\"screen-reader-text\">3\u00b0 Festival de Blues de San Mart\u00edn de los Andes<\/span><\/a><\/p>\n","protected":false},"author":1,"featured_media":297,"comment_status":"closed","ping_status":"","sticky":false,"template":"","format":"image","meta":{"footnotes":""},"categories":[2,9],"tags":[],"class_list":["post-4200","post","type-post","status-publish","format-image","has-post-thumbnail","hentry","category-ciudad-cultural","category-ultimas-noticias","post_format-post-format-image"],"_links":{"self":[{"href":"https:\/\/cultura.sma.gob.ar\/index.php?rest_route=\/wp\/v2\/posts\/4200","targetHints":{"allow":["GET"]}}],"collection":[{"href":"https:\/\/cultura.sma.gob.ar\/index.php?rest_route=\/wp\/v2\/posts"}],"about":[{"href":"https:\/\/cultura.sma.gob.ar\/index.php?rest_route=\/wp\/v2\/types\/post"}],"author":[{"embeddable":true,"href":"https:\/\/cultura.sma.gob.ar\/index.php?rest_route=\/wp\/v2\/users\/1"}],"replies":[{"embeddable":true,"href":"https:\/\/cultura.sma.gob.ar\/index.php?rest_route=%2Fwp%2Fv2%2Fcomments&post=4200"}],"version-history":[{"count":1,"href":"https:\/\/cultura.sma.gob.ar\/index.php?rest_route=\/wp\/v2\/posts\/4200\/revisions"}],"predecessor-version":[{"id":4202,"href":"https:\/\/cultura.sma.gob.ar\/index.php?rest_route=\/wp\/v2\/posts\/4200\/revisions\/4202"}],"wp:featuredmedia":[{"embeddable":true,"href":"https:\/\/cultura.sma.gob.ar\/index.php?rest_route=\/wp\/v2\/media\/297"}],"wp:attachment":[{"href":"https:\/\/cultura.sma.gob.ar\/index.php?rest_route=%2Fwp%2Fv2%2Fmedia&parent=4200"}],"wp:term":[{"taxonomy":"category","embeddable":true,"href":"https:\/\/cultura.sma.gob.ar\/index.php?rest_route=%2Fwp%2Fv2%2Fcategories&post=4200"},{"taxonomy":"post_tag","embeddable":true,"href":"https:\/\/cultura.sma.gob.ar\/index.php?rest_route=%2Fwp%2Fv2%2Ftags&post=4200"}],"curies":[{"name":"wp","href":"https:\/\/api.w.org\/{rel}","templated":true}]}}