{"id":420,"date":"2020-10-17T11:55:09","date_gmt":"2020-10-17T14:55:09","guid":{"rendered":"http:\/\/cultura.sma.gob.ar\/?p=420"},"modified":"2020-10-17T11:55:09","modified_gmt":"2020-10-17T14:55:09","slug":"el-ministerio-de-cultura-de-la-nacion-abre-la-inscripcion-a-fortalecer-cultura-un-apoyo-economico-para-trabajadoras-y-trabajadores-de-la-cultura","status":"publish","type":"post","link":"https:\/\/cultura.sma.gob.ar\/?p=420","title":{"rendered":"El Ministerio de Cultura de la Naci\u00f3n abre la inscripci\u00f3n a Fortalecer Cultura, un apoyo econ\u00f3mico para trabajadoras y trabajadores de la cultura"},"content":{"rendered":"\n<figure class=\"wp-block-image\"><img decoding=\"async\" src=\"https:\/\/vallecalchaqui.com\/download\/multimedia.normal.8c249457d7e692f3.666f7274616c656365722063756c747572615f6e6f726d616c2e706e67.png\" alt=\"Fortalecer Cultura, nueva ayuda econ\u00f3mica para trabajadores culturales\"\/><\/figure>\n\n\n\n<p><strong>El Ministerio de Cultura de la Naci\u00f3n abre la inscripci\u00f3n a Fortalecer Cultura, un apoyo econ\u00f3mico individual no reembolsable para trabajadoras y trabajadores de la cultura que se ejecutur\u00e1 en tres cuotas<\/strong>&nbsp;<strong>de hasta 15.000 pesos por los meses de octubre, noviembre y diciembre&nbsp;<\/strong>con el objetivo de estar cerca de aquellos que m\u00e1s lo necesitan.&nbsp;&nbsp;<\/p>\n\n\n\n<p>Pueden participar todos los trabajadores y trabajadoras de la cultura que sean argentinos\/as, o extranjeros\/as que residan legalmente en el pa\u00eds desde hace m\u00e1s de tres a\u00f1os.\u00a0<strong>La inscripci\u00f3n, del 16 al 22 de octubre, podr\u00e1 realizarse en forma virtual a trav\u00e9s de la p\u00e1gina del Ministerio de Cultura de la Naci\u00f3n (<a rel=\"noreferrer noopener\" href=\"https:\/\/www.cultura.gob.ar\/\" target=\"_blank\">www.cultura.gob.ar<\/a>).<\/strong><\/p>\n\n\n\n<blockquote class=\"wp-block-quote is-layout-flow wp-block-quote-is-layout-flow\"><p><strong>La Secretar\u00eda de Cultura entregar\u00e1 avales, con turno previo por v\u00eda telef\u00f3nica (424804) , a quienes lo soliciten.<\/strong><\/p><\/blockquote>\n\n\n\n<p>No podr\u00e1n recibir el apoyo econ\u00f3mico las trabajadoras y trabajadores de la Administraci\u00f3n P\u00fablica Nacional, provincial y municipal (con excepci\u00f3n de aquellas personas que presten servicio de forma eventual y\/o se desempe\u00f1en en la docencia art\u00edstica); quienes hayan sido beneficiarios\/as del pago de la \u00faltima cuota del Ingreso Familiar de Emergencia (IFE), beneficiarios\/as del Salario Complementario del Programa Asistencia de Emergencia al Trabajo y la Producci\u00f3n (ATP) y quienes sean titulares del Programa Potenciar Trabajo; quienes perciban beneficios previsionales, as\u00ed como pensiones por discapacidad, invalidez o pensiones no contributivas que sean iguales o superiores el haber m\u00ednimo; y personas cuyo salario actual supere la suma de dos salarios m\u00ednimos vitales y m\u00f3viles.\u00a0<\/p>\n\n\n\n<h4 class=\"wp-block-heading\"><strong>\u00bfC\u00f3mo puedo inscribirme?&nbsp;<\/strong><\/h4>\n\n\n\n<p>A partir del viernes 16 de octubre a las 9 h, pod\u00e9s inscribirte ingresando en este link:\u00a0<a rel=\"noreferrer noopener\" href=\"https:\/\/app.fnartes.gob.ar\/convocatorias-abiertas\/1c73825c-8a34-4a54-aabb-21411f169f1e\" target=\"_blank\">https:\/\/app.fnartes.gob.ar\/convocatorias-abiertas\/1c73825c-8a34-4a54-aabb-21411f169f1e<\/a><\/p>\n\n\n\n<p>Si ya fuiste beneficiario\/a de la beca Sostener Cultura II tenes que validar tu postulaci\u00f3n con una declaraci\u00f3n jurada ingrensando al siguiente link:\u00a0<a rel=\"noreferrer noopener\" href=\"https:\/\/app.fnartes.gob.ar\/tareas\/f2463982-125e-4aad-b3da-b795b96fa836\/completar\" target=\"_blank\">https:\/\/app.fnartes.gob.ar\/tareas\/f2463982-125e-4aad-b3da-b795b96fa836\/completar\u00a0<\/a><\/p>\n\n\n\n<p><\/p>\n","protected":false},"excerpt":{"rendered":"<p>Inscripciones del 16 al 22 de octubre <a href=\"https:\/\/cultura.sma.gob.ar\/?p=420\" class=\"more-link\">Continue reading <span class=\"screen-reader-text\">El Ministerio de Cultura de la Naci\u00f3n abre la inscripci\u00f3n a Fortalecer Cultura, un apoyo econ\u00f3mico para trabajadoras y trabajadores de la cultura<\/span><\/a><\/p>\n","protected":false},"author":1,"featured_media":297,"comment_status":"closed","ping_status":"","sticky":false,"template":"","format":"image","meta":{"footnotes":""},"categories":[9],"tags":[],"class_list":["post-420","post","type-post","status-publish","format-image","has-post-thumbnail","hentry","category-ultimas-noticias","post_format-post-format-image"],"_links":{"self":[{"href":"https:\/\/cultura.sma.gob.ar\/index.php?rest_route=\/wp\/v2\/posts\/420","targetHints":{"allow":["GET"]}}],"collection":[{"href":"https:\/\/cultura.sma.gob.ar\/index.php?rest_route=\/wp\/v2\/posts"}],"about":[{"href":"https:\/\/cultura.sma.gob.ar\/index.php?rest_route=\/wp\/v2\/types\/post"}],"author":[{"embeddable":true,"href":"https:\/\/cultura.sma.gob.ar\/index.php?rest_route=\/wp\/v2\/users\/1"}],"replies":[{"embeddable":true,"href":"https:\/\/cultura.sma.gob.ar\/index.php?rest_route=%2Fwp%2Fv2%2Fcomments&post=420"}],"version-history":[{"count":1,"href":"https:\/\/cultura.sma.gob.ar\/index.php?rest_route=\/wp\/v2\/posts\/420\/revisions"}],"predecessor-version":[{"id":421,"href":"https:\/\/cultura.sma.gob.ar\/index.php?rest_route=\/wp\/v2\/posts\/420\/revisions\/421"}],"wp:featuredmedia":[{"embeddable":true,"href":"https:\/\/cultura.sma.gob.ar\/index.php?rest_route=\/wp\/v2\/media\/297"}],"wp:attachment":[{"href":"https:\/\/cultura.sma.gob.ar\/index.php?rest_route=%2Fwp%2Fv2%2Fmedia&parent=420"}],"wp:term":[{"taxonomy":"category","embeddable":true,"href":"https:\/\/cultura.sma.gob.ar\/index.php?rest_route=%2Fwp%2Fv2%2Fcategories&post=420"},{"taxonomy":"post_tag","embeddable":true,"href":"https:\/\/cultura.sma.gob.ar\/index.php?rest_route=%2Fwp%2Fv2%2Ftags&post=420"}],"curies":[{"name":"wp","href":"https:\/\/api.w.org\/{rel}","templated":true}]}}