{"id":4194,"date":"2022-10-27T19:59:55","date_gmt":"2022-10-27T22:59:55","guid":{"rendered":"http:\/\/cultura.sma.gob.ar\/?p=4194"},"modified":"2022-10-27T19:59:55","modified_gmt":"2022-10-27T22:59:55","slug":"visita-del-director-modsto-lopez-al-espacio-i-n-c-a-a","status":"publish","type":"post","link":"https:\/\/cultura.sma.gob.ar\/?p=4194","title":{"rendered":"Visita del director Modsto L\u00f3pez al Espacio I.N.C.A.A."},"content":{"rendered":"\n<figure class=\"wp-block-image size-large\"><img loading=\"lazy\" decoding=\"async\" width=\"928\" height=\"822\" src=\"http:\/\/cultura.sma.gob.ar\/wp-content\/uploads\/2022\/10\/Amparo-Ocho-Proyecciones-especiales.jpg\" alt=\"\" class=\"wp-image-4195\" srcset=\"https:\/\/cultura.sma.gob.ar\/wp-content\/uploads\/2022\/10\/Amparo-Ocho-Proyecciones-especiales.jpg 928w, https:\/\/cultura.sma.gob.ar\/wp-content\/uploads\/2022\/10\/Amparo-Ocho-Proyecciones-especiales-300x266.jpg 300w, https:\/\/cultura.sma.gob.ar\/wp-content\/uploads\/2022\/10\/Amparo-Ocho-Proyecciones-especiales-768x680.jpg 768w, https:\/\/cultura.sma.gob.ar\/wp-content\/uploads\/2022\/10\/Amparo-Ocho-Proyecciones-especiales-102x90.jpg 102w\" sizes=\"auto, (max-width: 928px) 100vw, 928px\" \/><\/figure>\n\n\n\n<p>Estimados, gusto en saludarles nuevamente. En esta oportunidad les escribimos con un imperdible adelanto.<\/p>\n\n\n\n<p>El jueves 03, viernes 04 y domingo 05 de noviembre, en el Espacio I.N.C.A.A. San Mart\u00edn de los Andes, proyectaremos el documental &#8220;AMPARO OCHOA, se me revent\u00f3 el barz\u00f3n&#8221; junto a su director Modesto L\u00f3pez, quien nos acompa\u00f1\u00f3 cuando proyectamos &#8220;Todav\u00eda cantamos: Coro Quiero Retruco&#8221; y &#8220;El ca\u00eddo del cielo&#8221;.<\/p>\n\n\n\n<p>En esta oportunidad nos acerca su m\u00e1s reciente estreno, dedicado a Amparo Ochoa.<\/p>\n\n\n\n<p>&#8220;Apoyado en im\u00e1genes actuales y de archivos, este documental narra la vida de la cantante Amparo Ochoa, quien aprendi\u00f3 la m\u00fasica de su padre, en Sinaloa. Su pasi\u00f3n por la ense\u00f1anza, la decisi\u00f3n de vivir en la Ciudad de M\u00e9xico, su indispensable papel en la escena mexicana de los setenta y ochenta, as\u00ed como su constante cr\u00edtica al gobierno, son narrados por familiares y amigos, como \u00d3scar Ch\u00e1vez, Gabino Palomares y Mercedes Sosa, quienes hablan de la consolidaci\u00f3n de la artista como figura fundamental del canto popular mexicano y la militancia feminista.&#8221;<\/p>\n\n\n\n<p>TRAILER:&nbsp;<a href=\"https:\/\/correo.smandes.gov.ar\/owa\/redir.aspx?C=0861a8a9f8d246bea2bd60189c0c4fe2&amp;URL=https%3a%2f%2fwww.youtube.com%2fwatch%3fv%3dAK2fWm6R3uI%26t%3d2s\" target=\"_blank\" rel=\"noreferrer noopener\">https:\/\/www.youtube.com\/watch?v=AK2fWm6R3uI&amp;t=2s<\/a><\/p>\n\n\n\n<p>Si bien todav\u00eda no tenemos el horario en el que ser\u00e1 proyectado el documental, quer\u00edamos compartirles el contacto del director, quien gentilmente se ofreci\u00f3 para quienes quieran realizar alguna nota respecto a la pel\u00edcula y su visita.<\/p>\n\n\n\n<p>Modesto L\u00f3pez: +52 1 55 3193 0005 &#8211;&nbsp;<a href=\"https:\/\/correo.smandes.gov.ar\/owa\/redir.aspx?C=0861a8a9f8d246bea2bd60189c0c4fe2&amp;URL=mailto%3amodestolopez3%40hotmail.com\">modestolopez3@hotmail.com<\/a><\/p>\n","protected":false},"excerpt":{"rendered":"<p>Estimados, gusto en saludarles nuevamente. En esta oportunidad les escribimos con un imperdible adelanto. El jueves 03, viernes 04 y domingo 05 de noviembre, en el Espacio I.N.C.A.A. San Mart\u00edn de los Andes, proyectaremos el documental &#8220;AMPARO OCHOA, se me revent\u00f3 el barz\u00f3n&#8221; junto a su director Modesto L\u00f3pez, quien nos acompa\u00f1\u00f3 cuando proyectamos &#8220;Todav\u00eda cantamos: Coro Quiero Retruco&#8221; y &#8220;El ca\u00eddo del cielo&#8221;. En &hellip; <a href=\"https:\/\/cultura.sma.gob.ar\/?p=4194\" class=\"more-link\">Continue reading <span class=\"screen-reader-text\">Visita del director Modsto L\u00f3pez al Espacio I.N.C.A.A.<\/span><\/a><\/p>\n","protected":false},"author":1,"featured_media":297,"comment_status":"closed","ping_status":"","sticky":false,"template":"","format":"image","meta":{"footnotes":""},"categories":[2,9],"tags":[],"class_list":["post-4194","post","type-post","status-publish","format-image","has-post-thumbnail","hentry","category-ciudad-cultural","category-ultimas-noticias","post_format-post-format-image"],"_links":{"self":[{"href":"https:\/\/cultura.sma.gob.ar\/index.php?rest_route=\/wp\/v2\/posts\/4194","targetHints":{"allow":["GET"]}}],"collection":[{"href":"https:\/\/cultura.sma.gob.ar\/index.php?rest_route=\/wp\/v2\/posts"}],"about":[{"href":"https:\/\/cultura.sma.gob.ar\/index.php?rest_route=\/wp\/v2\/types\/post"}],"author":[{"embeddable":true,"href":"https:\/\/cultura.sma.gob.ar\/index.php?rest_route=\/wp\/v2\/users\/1"}],"replies":[{"embeddable":true,"href":"https:\/\/cultura.sma.gob.ar\/index.php?rest_route=%2Fwp%2Fv2%2Fcomments&post=4194"}],"version-history":[{"count":1,"href":"https:\/\/cultura.sma.gob.ar\/index.php?rest_route=\/wp\/v2\/posts\/4194\/revisions"}],"predecessor-version":[{"id":4196,"href":"https:\/\/cultura.sma.gob.ar\/index.php?rest_route=\/wp\/v2\/posts\/4194\/revisions\/4196"}],"wp:featuredmedia":[{"embeddable":true,"href":"https:\/\/cultura.sma.gob.ar\/index.php?rest_route=\/wp\/v2\/media\/297"}],"wp:attachment":[{"href":"https:\/\/cultura.sma.gob.ar\/index.php?rest_route=%2Fwp%2Fv2%2Fmedia&parent=4194"}],"wp:term":[{"taxonomy":"category","embeddable":true,"href":"https:\/\/cultura.sma.gob.ar\/index.php?rest_route=%2Fwp%2Fv2%2Fcategories&post=4194"},{"taxonomy":"post_tag","embeddable":true,"href":"https:\/\/cultura.sma.gob.ar\/index.php?rest_route=%2Fwp%2Fv2%2Ftags&post=4194"}],"curies":[{"name":"wp","href":"https:\/\/api.w.org\/{rel}","templated":true}]}}