{"id":4189,"date":"2022-10-26T12:35:46","date_gmt":"2022-10-26T15:35:46","guid":{"rendered":"http:\/\/cultura.sma.gob.ar\/?p=4189"},"modified":"2022-10-26T12:35:46","modified_gmt":"2022-10-26T15:35:46","slug":"esperando-la-carroza-en-la-sala-amankay","status":"publish","type":"post","link":"https:\/\/cultura.sma.gob.ar\/?p=4189","title":{"rendered":"&#8221;Esperando la carroza&#8221; en la Sala Amankay"},"content":{"rendered":"\n<figure class=\"wp-block-image size-large\"><img loading=\"lazy\" decoding=\"async\" width=\"783\" height=\"1024\" src=\"http:\/\/cultura.sma.gob.ar\/wp-content\/uploads\/2022\/10\/Esperando-la-Carroza-Flyer-783x1024.jpg\" alt=\"\" class=\"wp-image-4190\" srcset=\"https:\/\/cultura.sma.gob.ar\/wp-content\/uploads\/2022\/10\/Esperando-la-Carroza-Flyer-783x1024.jpg 783w, https:\/\/cultura.sma.gob.ar\/wp-content\/uploads\/2022\/10\/Esperando-la-Carroza-Flyer-230x300.jpg 230w, https:\/\/cultura.sma.gob.ar\/wp-content\/uploads\/2022\/10\/Esperando-la-Carroza-Flyer-768x1004.jpg 768w, https:\/\/cultura.sma.gob.ar\/wp-content\/uploads\/2022\/10\/Esperando-la-Carroza-Flyer-1175x1536.jpg 1175w, https:\/\/cultura.sma.gob.ar\/wp-content\/uploads\/2022\/10\/Esperando-la-Carroza-Flyer-1567x2048.jpg 1567w, https:\/\/cultura.sma.gob.ar\/wp-content\/uploads\/2022\/10\/Esperando-la-Carroza-Flyer-69x90.jpg 69w, https:\/\/cultura.sma.gob.ar\/wp-content\/uploads\/2022\/10\/Esperando-la-Carroza-Flyer-scaled.jpg 1959w\" sizes=\"auto, (max-width: 783px) 100vw, 783px\" \/><\/figure>\n\n\n\n<p>El pr\u00f3ximo domingo, 13 de noviembre a las 21hs, en nuestra querida Sala Amankay, compartiremos el imperdible regreso, a pedido del p\u00fablico, de \u201cESPERANDO LA CARROZA\u201d<\/p>\n\n\n\n<p>La Compa\u00f1\u00eda de Teatro de San Mart\u00edn de los Andes, bajo la direcci\u00f3n de Gustavo Lozano, vuelve con este cl\u00e1sico de la comedia.<\/p>\n\n\n\n<p>\u201cLa historia trata sobre tres hermanos (Jorge, Sergio y Antonio) y su madre anciana (Mam\u00e1 Cora) que vive con uno de ellos. La convivencia y la relaci\u00f3n entre familias es dif\u00edcil y ante una repentina desaparici\u00f3n de Mam\u00e1 Cora, estalla una sucesi\u00f3n de conflictos que pone en evidencia el destrato que viven los adultos mayores. Nadie se quiere hacer cargo, todos se echan culpas y aprovechan para sacar a relucir otros rencores. Esta comedia con giros grotescos retrata, de una manera hilarante y mordaz, los lazos familiares y las conductas sociales.<\/p>\n\n\n\n<p>Elenco:<br>Mam\u00e1 Cora: Sergio Laza<br>Jorge: Marcelo Navarro<br>Sergio: Juan Sordo<br>Antonio: Hern\u00e1n Scordo<br>Elvira: Silvina Garc\u00eda<br>Nora: Anal\u00eda S\u00e1nchez<br>Susana: Anabella Neyssen<br>Matilde: Rosario Lozano<br>Dominga: Natalia Cossoy<br>Elisa: Luj\u00e1n Noguera<br>Pocha: Antonela Navarro<br>Sorda: Cecilia Cengia<\/p>\n\n\n\n<p>Entrada General $800, Jubilados y Estudiantes $600. En venta en la boleteria del Centro Cultural, de martes a domingo de 16hs a 22hs.<\/p>\n","protected":false},"excerpt":{"rendered":"<p>El pr\u00f3ximo domingo, 13 de noviembre a las 21hs, en nuestra querida Sala Amankay, compartiremos el imperdible regreso, a pedido del p\u00fablico, de \u201cESPERANDO LA CARROZA\u201d La Compa\u00f1\u00eda de Teatro de San Mart\u00edn de los Andes, bajo la direcci\u00f3n de Gustavo Lozano, vuelve con este cl\u00e1sico de la comedia. \u201cLa historia trata sobre tres hermanos (Jorge, Sergio y Antonio) y su madre anciana (Mam\u00e1 Cora) &hellip; <a href=\"https:\/\/cultura.sma.gob.ar\/?p=4189\" class=\"more-link\">Continue reading <span class=\"screen-reader-text\">&#8221;Esperando la carroza&#8221; en la Sala Amankay<\/span><\/a><\/p>\n","protected":false},"author":1,"featured_media":297,"comment_status":"closed","ping_status":"","sticky":false,"template":"","format":"image","meta":{"footnotes":""},"categories":[2,9],"tags":[],"class_list":["post-4189","post","type-post","status-publish","format-image","has-post-thumbnail","hentry","category-ciudad-cultural","category-ultimas-noticias","post_format-post-format-image"],"_links":{"self":[{"href":"https:\/\/cultura.sma.gob.ar\/index.php?rest_route=\/wp\/v2\/posts\/4189","targetHints":{"allow":["GET"]}}],"collection":[{"href":"https:\/\/cultura.sma.gob.ar\/index.php?rest_route=\/wp\/v2\/posts"}],"about":[{"href":"https:\/\/cultura.sma.gob.ar\/index.php?rest_route=\/wp\/v2\/types\/post"}],"author":[{"embeddable":true,"href":"https:\/\/cultura.sma.gob.ar\/index.php?rest_route=\/wp\/v2\/users\/1"}],"replies":[{"embeddable":true,"href":"https:\/\/cultura.sma.gob.ar\/index.php?rest_route=%2Fwp%2Fv2%2Fcomments&post=4189"}],"version-history":[{"count":1,"href":"https:\/\/cultura.sma.gob.ar\/index.php?rest_route=\/wp\/v2\/posts\/4189\/revisions"}],"predecessor-version":[{"id":4191,"href":"https:\/\/cultura.sma.gob.ar\/index.php?rest_route=\/wp\/v2\/posts\/4189\/revisions\/4191"}],"wp:featuredmedia":[{"embeddable":true,"href":"https:\/\/cultura.sma.gob.ar\/index.php?rest_route=\/wp\/v2\/media\/297"}],"wp:attachment":[{"href":"https:\/\/cultura.sma.gob.ar\/index.php?rest_route=%2Fwp%2Fv2%2Fmedia&parent=4189"}],"wp:term":[{"taxonomy":"category","embeddable":true,"href":"https:\/\/cultura.sma.gob.ar\/index.php?rest_route=%2Fwp%2Fv2%2Fcategories&post=4189"},{"taxonomy":"post_tag","embeddable":true,"href":"https:\/\/cultura.sma.gob.ar\/index.php?rest_route=%2Fwp%2Fv2%2Ftags&post=4189"}],"curies":[{"name":"wp","href":"https:\/\/api.w.org\/{rel}","templated":true}]}}