{"id":4185,"date":"2022-10-25T11:09:27","date_gmt":"2022-10-25T14:09:27","guid":{"rendered":"http:\/\/cultura.sma.gob.ar\/?p=4185"},"modified":"2022-10-25T11:09:27","modified_gmt":"2022-10-25T14:09:27","slug":"proyeccion-en-el-nombre-del-padre-en-la-sala-gunther-blaas","status":"publish","type":"post","link":"https:\/\/cultura.sma.gob.ar\/?p=4185","title":{"rendered":"Proyecci\u00f3n &#8221;En el nombre del padre&#8221;, en la Sala G\u00fcnther Blaas"},"content":{"rendered":"\n<figure class=\"wp-block-image size-large\"><img loading=\"lazy\" decoding=\"async\" width=\"520\" height=\"750\" src=\"http:\/\/cultura.sma.gob.ar\/wp-content\/uploads\/2022\/10\/En-el-nombre-del-padre-2-jpg.jpg\" alt=\"\" class=\"wp-image-4186\" srcset=\"https:\/\/cultura.sma.gob.ar\/wp-content\/uploads\/2022\/10\/En-el-nombre-del-padre-2-jpg.jpg 520w, https:\/\/cultura.sma.gob.ar\/wp-content\/uploads\/2022\/10\/En-el-nombre-del-padre-2-jpg-208x300.jpg 208w, https:\/\/cultura.sma.gob.ar\/wp-content\/uploads\/2022\/10\/En-el-nombre-del-padre-2-jpg-62x90.jpg 62w\" sizes=\"auto, (max-width: 520px) 100vw, 520px\" \/><\/figure>\n\n\n\n<p>El jueves, 27 de Octubre a las 20:30hs en la Sala G\u00fcnther Blaas del Centro Cultural Cotesma, continuamos con la 6ta. Temporada de Proyecciones a la gorra. Como los a\u00f1os anteriores, la programaci\u00f3n y la presentaci\u00f3n est\u00e1 a cargo de Guillermo Ianniello, este a\u00f1o a beneficio del Club de Leones San Mart\u00edn de los Andes \u2013 Chapelco.<br>En la segunda proyecci\u00f3n del Ciclo N\u00b036 (Sexto de este a\u00f1o) titulado \u201cEL IMPECABLE CINE BRIT\u00c1NICO\u201d, se proyectar\u00e1 \u201cEN EL NOMBRE DEL PADRE\u201d dirigida por Jim Sheridan y protagonizada por Daniel Day Lewis, Emma Thompson y Tom Wilkinson.<br><strong><br>\u201cEN EL NOMBRE DELPADRE\u201d<\/strong><strong>.&nbsp;<\/strong>(1993-Color)&nbsp;<br>Hablar de &#8220;En el Nombre del Padre&#8221; es hablar de un extra\u00f1o fen\u00f3meno.<br>Es hablar de una pel\u00edcula alta y expl\u00edcitamente cr\u00edtica, que consigue transmitirte el sentimiento de indignaci\u00f3n que provocan los hechos reales en los que est\u00e1n basados pero que tambi\u00e9n cuenta con un alto nivel art\u00edstico, tanto respecto a su realizaci\u00f3n como al nivel interpretativo.<br>Y por si fuese poco consigue que su excelente guion te absorba completamente en la historia, tal y como deber\u00eda suceder con toda pel\u00edcula que se precie.<br>No hay muchas&nbsp;pel\u00edculas que combinen con tan buena mano ambas actitudes y consigan tan excelentes resultados y eso ya quiere decir mucho.<\/p>\n\n\n\n<p>En definitiva, he aqu\u00ed un ejemplo de c\u00f3mo realizar cine comprometido y sentido sin arrastrarse entre las bajezas que cada d\u00eda predominan m\u00e1s en el cine, y que s\u00f3lo atienden a la l\u00e1grima f\u00e1cil y los vagos estereotipos.<\/p>\n\n\n\n<p>Y como todo en esta pel\u00edcula est\u00e1 bien hecho, a partir de la direcci\u00f3n, se logra una conjunci\u00f3n notable.<\/p>\n\n\n\n<p>Actuaciones solventes (soberbio Day Lewis), un gui\u00f3n que raya la perfecci\u00f3n, y una banda sonora brutal (Bono y U2), conforman una obra profundamente conmovedora, que resalta los valores que hacen a un hombre ser &#8220;hombre&#8221;: justicia, sensatez, auto superaci\u00f3n y, sobre todo, admiraci\u00f3n y orgullo por el nombre de su padre como ejemplo a seguir.<\/p>\n\n\n\n<p>Una de las grandes pel\u00edculas de los \u201890 y tambi\u00e9n del cine europeo: IMPRESCINDIBLE.<\/p>\n\n\n\n<p>Duraci\u00f3n: 2 hs.15\u2019 \u2013********************************************************************************************<br>Este ciclo incluye tambi\u00e9n las siguientes pel\u00edculas:<br>*El Discurso del Rey (3 de Noviembre)<br>*Quiero Bailar (17 de Noviembre)<\/p>\n","protected":false},"excerpt":{"rendered":"<p>El jueves, 27 de Octubre a las 20:30hs en la Sala G\u00fcnther Blaas del Centro Cultural Cotesma, continuamos con la 6ta. Temporada de Proyecciones a la gorra. Como los a\u00f1os anteriores, la programaci\u00f3n y la presentaci\u00f3n est\u00e1 a cargo de Guillermo Ianniello, este a\u00f1o a beneficio del Club de Leones San Mart\u00edn de los Andes \u2013 Chapelco.En la segunda proyecci\u00f3n del Ciclo N\u00b036 (Sexto de &hellip; <a href=\"https:\/\/cultura.sma.gob.ar\/?p=4185\" class=\"more-link\">Continue reading <span class=\"screen-reader-text\">Proyecci\u00f3n &#8221;En el nombre del padre&#8221;, en la Sala G\u00fcnther Blaas<\/span><\/a><\/p>\n","protected":false},"author":1,"featured_media":297,"comment_status":"closed","ping_status":"","sticky":false,"template":"","format":"image","meta":{"footnotes":""},"categories":[2,9],"tags":[],"class_list":["post-4185","post","type-post","status-publish","format-image","has-post-thumbnail","hentry","category-ciudad-cultural","category-ultimas-noticias","post_format-post-format-image"],"_links":{"self":[{"href":"https:\/\/cultura.sma.gob.ar\/index.php?rest_route=\/wp\/v2\/posts\/4185","targetHints":{"allow":["GET"]}}],"collection":[{"href":"https:\/\/cultura.sma.gob.ar\/index.php?rest_route=\/wp\/v2\/posts"}],"about":[{"href":"https:\/\/cultura.sma.gob.ar\/index.php?rest_route=\/wp\/v2\/types\/post"}],"author":[{"embeddable":true,"href":"https:\/\/cultura.sma.gob.ar\/index.php?rest_route=\/wp\/v2\/users\/1"}],"replies":[{"embeddable":true,"href":"https:\/\/cultura.sma.gob.ar\/index.php?rest_route=%2Fwp%2Fv2%2Fcomments&post=4185"}],"version-history":[{"count":1,"href":"https:\/\/cultura.sma.gob.ar\/index.php?rest_route=\/wp\/v2\/posts\/4185\/revisions"}],"predecessor-version":[{"id":4187,"href":"https:\/\/cultura.sma.gob.ar\/index.php?rest_route=\/wp\/v2\/posts\/4185\/revisions\/4187"}],"wp:featuredmedia":[{"embeddable":true,"href":"https:\/\/cultura.sma.gob.ar\/index.php?rest_route=\/wp\/v2\/media\/297"}],"wp:attachment":[{"href":"https:\/\/cultura.sma.gob.ar\/index.php?rest_route=%2Fwp%2Fv2%2Fmedia&parent=4185"}],"wp:term":[{"taxonomy":"category","embeddable":true,"href":"https:\/\/cultura.sma.gob.ar\/index.php?rest_route=%2Fwp%2Fv2%2Fcategories&post=4185"},{"taxonomy":"post_tag","embeddable":true,"href":"https:\/\/cultura.sma.gob.ar\/index.php?rest_route=%2Fwp%2Fv2%2Ftags&post=4185"}],"curies":[{"name":"wp","href":"https:\/\/api.w.org\/{rel}","templated":true}]}}