{"id":4176,"date":"2022-10-20T21:25:33","date_gmt":"2022-10-21T00:25:33","guid":{"rendered":"http:\/\/cultura.sma.gob.ar\/?p=4176"},"modified":"2022-10-20T21:25:33","modified_gmt":"2022-10-21T00:25:33","slug":"homenaje-al-teatro-de-la-compania-de-teatro-adolescente-caida-libre","status":"publish","type":"post","link":"https:\/\/cultura.sma.gob.ar\/?p=4176","title":{"rendered":"&#8221;Homenaje al teatro&#8221; de la compa\u00f1\u00eda de teatro adolescente &#8221;Ca\u00edda Libre&#8221;"},"content":{"rendered":"\n<figure class=\"wp-block-image size-large\"><img loading=\"lazy\" decoding=\"async\" width=\"724\" height=\"1024\" src=\"http:\/\/cultura.sma.gob.ar\/wp-content\/uploads\/2022\/10\/HOMENAJE-AL-TEATRO-FLYER-724x1024.png\" alt=\"\" class=\"wp-image-4177\" srcset=\"https:\/\/cultura.sma.gob.ar\/wp-content\/uploads\/2022\/10\/HOMENAJE-AL-TEATRO-FLYER-724x1024.png 724w, https:\/\/cultura.sma.gob.ar\/wp-content\/uploads\/2022\/10\/HOMENAJE-AL-TEATRO-FLYER-212x300.png 212w, https:\/\/cultura.sma.gob.ar\/wp-content\/uploads\/2022\/10\/HOMENAJE-AL-TEATRO-FLYER-768x1086.png 768w, https:\/\/cultura.sma.gob.ar\/wp-content\/uploads\/2022\/10\/HOMENAJE-AL-TEATRO-FLYER-64x90.png 64w, https:\/\/cultura.sma.gob.ar\/wp-content\/uploads\/2022\/10\/HOMENAJE-AL-TEATRO-FLYER.png 800w\" sizes=\"auto, (max-width: 724px) 100vw, 724px\" \/><\/figure>\n\n\n\n<p>El viernes, 28 de octubre a las 21:00hs, en nuestra querida Sala Amankay, la compa\u00f1\u00eda de teatro adolescente \u201cCa\u00edda Libre\u201d del \u201cEstudio de Actuaci\u00f3n Mariano Tenaglia\u201d presenta \u201cHOMENAJE AL TEATRO\u201d, un recorrido por algunos de los personajes y situaciones m\u00e1s emblem\u00e1ticas del teatro argentino.<\/p>\n\n\n\n<p>\u201cHomenaje al teatro\u201d se encuentra dentro del ciclo \u201cTeatro Adolescente\u201d, con elencos que suman una totalidad de m\u00e1s de 50 adolescentes. Se presentar\u00e1n en 8 fechas, 4 espect\u00e1culos y m\u00e1s de 20 obras.<br>\u00bfQu\u00e9 esper\u00e1s para sumarte a esta experiencia dram\u00e1tica? Preparae para viajar por las infinitas variables de la ficci\u00f3n y a su vez de la verdad, en donde el \u00fanico l\u00edmite es la interpretaci\u00f3n y creatividad del espectador.<br>Un l\u00edmite que aseguramos no ser\u00e1 f\u00e1cil de encontrar\u2026<\/p>\n\n\n\n<p>Direcci\u00f3n: Mariano Tenaglia<br>Codirecci\u00f3n: Alexei Samek<br>Asistencia de direcci\u00f3n: Agustina Escobal y Albertina Matilla<\/p>\n\n\n\n<p>Entrada general $700, en venta en la boleteria del Centro Cultural Cotesma, de martes a domingo de 16hs a 22hs.<\/p>\n","protected":false},"excerpt":{"rendered":"<p>El viernes, 28 de octubre a las 21:00hs, en nuestra querida Sala Amankay, la compa\u00f1\u00eda de teatro adolescente \u201cCa\u00edda Libre\u201d del \u201cEstudio de Actuaci\u00f3n Mariano Tenaglia\u201d presenta \u201cHOMENAJE AL TEATRO\u201d, un recorrido por algunos de los personajes y situaciones m\u00e1s emblem\u00e1ticas del teatro argentino. \u201cHomenaje al teatro\u201d se encuentra dentro del ciclo \u201cTeatro Adolescente\u201d, con elencos que suman una totalidad de m\u00e1s de 50 adolescentes. &hellip; <a href=\"https:\/\/cultura.sma.gob.ar\/?p=4176\" class=\"more-link\">Continue reading <span class=\"screen-reader-text\">&#8221;Homenaje al teatro&#8221; de la compa\u00f1\u00eda de teatro adolescente &#8221;Ca\u00edda Libre&#8221;<\/span><\/a><\/p>\n","protected":false},"author":1,"featured_media":297,"comment_status":"closed","ping_status":"","sticky":false,"template":"","format":"image","meta":{"footnotes":""},"categories":[2,9],"tags":[],"class_list":["post-4176","post","type-post","status-publish","format-image","has-post-thumbnail","hentry","category-ciudad-cultural","category-ultimas-noticias","post_format-post-format-image"],"_links":{"self":[{"href":"https:\/\/cultura.sma.gob.ar\/index.php?rest_route=\/wp\/v2\/posts\/4176","targetHints":{"allow":["GET"]}}],"collection":[{"href":"https:\/\/cultura.sma.gob.ar\/index.php?rest_route=\/wp\/v2\/posts"}],"about":[{"href":"https:\/\/cultura.sma.gob.ar\/index.php?rest_route=\/wp\/v2\/types\/post"}],"author":[{"embeddable":true,"href":"https:\/\/cultura.sma.gob.ar\/index.php?rest_route=\/wp\/v2\/users\/1"}],"replies":[{"embeddable":true,"href":"https:\/\/cultura.sma.gob.ar\/index.php?rest_route=%2Fwp%2Fv2%2Fcomments&post=4176"}],"version-history":[{"count":1,"href":"https:\/\/cultura.sma.gob.ar\/index.php?rest_route=\/wp\/v2\/posts\/4176\/revisions"}],"predecessor-version":[{"id":4178,"href":"https:\/\/cultura.sma.gob.ar\/index.php?rest_route=\/wp\/v2\/posts\/4176\/revisions\/4178"}],"wp:featuredmedia":[{"embeddable":true,"href":"https:\/\/cultura.sma.gob.ar\/index.php?rest_route=\/wp\/v2\/media\/297"}],"wp:attachment":[{"href":"https:\/\/cultura.sma.gob.ar\/index.php?rest_route=%2Fwp%2Fv2%2Fmedia&parent=4176"}],"wp:term":[{"taxonomy":"category","embeddable":true,"href":"https:\/\/cultura.sma.gob.ar\/index.php?rest_route=%2Fwp%2Fv2%2Fcategories&post=4176"},{"taxonomy":"post_tag","embeddable":true,"href":"https:\/\/cultura.sma.gob.ar\/index.php?rest_route=%2Fwp%2Fv2%2Ftags&post=4176"}],"curies":[{"name":"wp","href":"https:\/\/api.w.org\/{rel}","templated":true}]}}