{"id":4169,"date":"2022-10-20T21:20:30","date_gmt":"2022-10-21T00:20:30","guid":{"rendered":"http:\/\/cultura.sma.gob.ar\/?p=4169"},"modified":"2022-10-20T21:20:30","modified_gmt":"2022-10-21T00:20:30","slug":"wara-de-los-andes-presenta-aromas-de-carnaval","status":"publish","type":"post","link":"https:\/\/cultura.sma.gob.ar\/?p=4169","title":{"rendered":"Wara de los Andes presenta &#8220;Aromas de Carnaval&#8221;"},"content":{"rendered":"\n<figure class=\"wp-block-image size-large\"><img loading=\"lazy\" decoding=\"async\" width=\"724\" height=\"1024\" src=\"http:\/\/cultura.sma.gob.ar\/wp-content\/uploads\/2022\/10\/Aromas-de-carnaval-Wara-de-los-Andes-724x1024.jpg\" alt=\"\" class=\"wp-image-4170\" srcset=\"https:\/\/cultura.sma.gob.ar\/wp-content\/uploads\/2022\/10\/Aromas-de-carnaval-Wara-de-los-Andes-724x1024.jpg 724w, https:\/\/cultura.sma.gob.ar\/wp-content\/uploads\/2022\/10\/Aromas-de-carnaval-Wara-de-los-Andes-212x300.jpg 212w, https:\/\/cultura.sma.gob.ar\/wp-content\/uploads\/2022\/10\/Aromas-de-carnaval-Wara-de-los-Andes-768x1086.jpg 768w, https:\/\/cultura.sma.gob.ar\/wp-content\/uploads\/2022\/10\/Aromas-de-carnaval-Wara-de-los-Andes-64x90.jpg 64w, https:\/\/cultura.sma.gob.ar\/wp-content\/uploads\/2022\/10\/Aromas-de-carnaval-Wara-de-los-Andes.jpg 905w\" sizes=\"auto, (max-width: 724px) 100vw, 724px\" \/><\/figure>\n\n\n\n<p>El pr\u00f3ximo domingo, 30 de octubre a las 18:30hs y a las 20:30hs, en nuestra querida Sala Amankay, el Ballet Art\u00edstico Andino Wara de los Andes, presenta &#8220;Aromas de carnaval&#8221;, imperdible propuesta realizada por todo el elenco, conformado por ni\u00f1os, adolescentes y adultos, dirigidos por su directora y profesora Jimena Mart\u00ednez.<\/p>\n\n\n\n<p>Wara de los Andes, nos trae el carnaval del norte argentino a la Patagonia, para que disfrutemos de la cultura coya, y de nuestro vecino pa\u00eds, Bolivia, mostrando parte de la riqueza andina mediante una variedad de ritmos, vestimentas y m\u00fasica t\u00edpica de cada regi\u00f3n.<\/p>\n\n\n\n<p>Para cerrar este hermoso encuentro nos deleitaran con la presencia de la Orquesta Municipal de Instrumentos Latinoamericanos &#8220;Musicantes&#8221; ensamble infantil.<\/p>\n\n\n\n<p>Entrada General $800, en venta en la boleter\u00eda del Centro Cultural Cotesma, de martes a domingo de 16hs a 22hs.<br>Hasta el domingo 23\/10 s\u00f3lo para bailarines de Wara. Desde el martes 25\/10 abierta a todo p\u00fablico.<\/p>\n","protected":false},"excerpt":{"rendered":"<p>El pr\u00f3ximo domingo, 30 de octubre a las 18:30hs y a las 20:30hs, en nuestra querida Sala Amankay, el Ballet Art\u00edstico Andino Wara de los Andes, presenta &#8220;Aromas de carnaval&#8221;, imperdible propuesta realizada por todo el elenco, conformado por ni\u00f1os, adolescentes y adultos, dirigidos por su directora y profesora Jimena Mart\u00ednez. Wara de los Andes, nos trae el carnaval del norte argentino a la Patagonia, &hellip; <a href=\"https:\/\/cultura.sma.gob.ar\/?p=4169\" class=\"more-link\">Continue reading <span class=\"screen-reader-text\">Wara de los Andes presenta &#8220;Aromas de Carnaval&#8221;<\/span><\/a><\/p>\n","protected":false},"author":1,"featured_media":297,"comment_status":"closed","ping_status":"","sticky":false,"template":"","format":"image","meta":{"footnotes":""},"categories":[2,9],"tags":[],"class_list":["post-4169","post","type-post","status-publish","format-image","has-post-thumbnail","hentry","category-ciudad-cultural","category-ultimas-noticias","post_format-post-format-image"],"_links":{"self":[{"href":"https:\/\/cultura.sma.gob.ar\/index.php?rest_route=\/wp\/v2\/posts\/4169","targetHints":{"allow":["GET"]}}],"collection":[{"href":"https:\/\/cultura.sma.gob.ar\/index.php?rest_route=\/wp\/v2\/posts"}],"about":[{"href":"https:\/\/cultura.sma.gob.ar\/index.php?rest_route=\/wp\/v2\/types\/post"}],"author":[{"embeddable":true,"href":"https:\/\/cultura.sma.gob.ar\/index.php?rest_route=\/wp\/v2\/users\/1"}],"replies":[{"embeddable":true,"href":"https:\/\/cultura.sma.gob.ar\/index.php?rest_route=%2Fwp%2Fv2%2Fcomments&post=4169"}],"version-history":[{"count":1,"href":"https:\/\/cultura.sma.gob.ar\/index.php?rest_route=\/wp\/v2\/posts\/4169\/revisions"}],"predecessor-version":[{"id":4171,"href":"https:\/\/cultura.sma.gob.ar\/index.php?rest_route=\/wp\/v2\/posts\/4169\/revisions\/4171"}],"wp:featuredmedia":[{"embeddable":true,"href":"https:\/\/cultura.sma.gob.ar\/index.php?rest_route=\/wp\/v2\/media\/297"}],"wp:attachment":[{"href":"https:\/\/cultura.sma.gob.ar\/index.php?rest_route=%2Fwp%2Fv2%2Fmedia&parent=4169"}],"wp:term":[{"taxonomy":"category","embeddable":true,"href":"https:\/\/cultura.sma.gob.ar\/index.php?rest_route=%2Fwp%2Fv2%2Fcategories&post=4169"},{"taxonomy":"post_tag","embeddable":true,"href":"https:\/\/cultura.sma.gob.ar\/index.php?rest_route=%2Fwp%2Fv2%2Ftags&post=4169"}],"curies":[{"name":"wp","href":"https:\/\/api.w.org\/{rel}","templated":true}]}}