{"id":4159,"date":"2022-10-18T20:42:20","date_gmt":"2022-10-18T23:42:20","guid":{"rendered":"http:\/\/cultura.sma.gob.ar\/?p=4159"},"modified":"2022-10-18T20:42:20","modified_gmt":"2022-10-18T23:42:20","slug":"fragmentos-de-la-compania-dance-factory","status":"publish","type":"post","link":"https:\/\/cultura.sma.gob.ar\/?p=4159","title":{"rendered":"&#8221;Fragmentos&#8221;, de la Compa\u00f1\u00eda Dance Factory"},"content":{"rendered":"\n<figure class=\"wp-block-image size-large\"><img loading=\"lazy\" decoding=\"async\" width=\"574\" height=\"1024\" src=\"http:\/\/cultura.sma.gob.ar\/wp-content\/uploads\/2022\/10\/Flyer-Fragmentos-574x1024.jpg\" alt=\"\" class=\"wp-image-4160\" srcset=\"https:\/\/cultura.sma.gob.ar\/wp-content\/uploads\/2022\/10\/Flyer-Fragmentos-574x1024.jpg 574w, https:\/\/cultura.sma.gob.ar\/wp-content\/uploads\/2022\/10\/Flyer-Fragmentos-168x300.jpg 168w, https:\/\/cultura.sma.gob.ar\/wp-content\/uploads\/2022\/10\/Flyer-Fragmentos-50x90.jpg 50w, https:\/\/cultura.sma.gob.ar\/wp-content\/uploads\/2022\/10\/Flyer-Fragmentos.jpg 718w\" sizes=\"auto, (max-width: 574px) 100vw, 574px\" \/><\/figure>\n\n\n\n<p>El pr\u00f3ximo domingo, 06 de noviembre, a las 20hs, en nuestra querida Sala Amankay, la Compa\u00f1\u00eda local Dance Factory regresa con su obra \u201cFRAGMENTOS\u201d.<\/p>\n\n\n\n<p>Desde un lugar desconocido, desprovistos de cualquier tipo de certezas, llenos de incertidumbre; nos invade la vulnerabilidad, la fragilidad y entonces comenzamos a vivir por inercia.<\/p>\n\n\n\n<p>Y as\u00ed, respetamos las estructuras impuestas, las cu\u00e1les, nos van ahogando y acorralando contra cuatro paredes, paredes que solo se presentan en esta realidad paralela, en esta matrix que nos oprime y amedrenta, paredes que mutan en espejos que reflejan nuestros miedos m\u00e1s profundos, los propios, los ajenos. Espejos que perturban, molestan y nos enfrentan con nuestras verdades m\u00e1s inc\u00f3modas.<\/p>\n\n\n\n<p>Verdades que a veces logramos evadir y esquivar pero que tambi\u00e9n, en nuestros momentos de mayor valent\u00eda, cuando nos enfrentamos a nosotros mismos y finalmente nos dejamos ser, nos volvemos m\u00e1s fuertes que nunca, invencibles.<\/p>\n\n\n\n<p>Fragmentos se trata de un despertar, de lucha, de aceptaci\u00f3n y de ser valientes, transitando todos y cada uno de nuestros lugares m\u00e1s oscuros y luminosos.<\/p>\n\n\n\n<p>Entrada General $850.- En venta en la boleter\u00eda del Centro Cultural Cotesma<\/p>\n","protected":false},"excerpt":{"rendered":"<p>El pr\u00f3ximo domingo, 06 de noviembre, a las 20hs, en nuestra querida Sala Amankay, la Compa\u00f1\u00eda local Dance Factory regresa con su obra \u201cFRAGMENTOS\u201d. Desde un lugar desconocido, desprovistos de cualquier tipo de certezas, llenos de incertidumbre; nos invade la vulnerabilidad, la fragilidad y entonces comenzamos a vivir por inercia. Y as\u00ed, respetamos las estructuras impuestas, las cu\u00e1les, nos van ahogando y acorralando contra cuatro &hellip; <a href=\"https:\/\/cultura.sma.gob.ar\/?p=4159\" class=\"more-link\">Continue reading <span class=\"screen-reader-text\">&#8221;Fragmentos&#8221;, de la Compa\u00f1\u00eda Dance Factory<\/span><\/a><\/p>\n","protected":false},"author":1,"featured_media":297,"comment_status":"closed","ping_status":"","sticky":false,"template":"","format":"image","meta":{"footnotes":""},"categories":[2,9],"tags":[],"class_list":["post-4159","post","type-post","status-publish","format-image","has-post-thumbnail","hentry","category-ciudad-cultural","category-ultimas-noticias","post_format-post-format-image"],"_links":{"self":[{"href":"https:\/\/cultura.sma.gob.ar\/index.php?rest_route=\/wp\/v2\/posts\/4159","targetHints":{"allow":["GET"]}}],"collection":[{"href":"https:\/\/cultura.sma.gob.ar\/index.php?rest_route=\/wp\/v2\/posts"}],"about":[{"href":"https:\/\/cultura.sma.gob.ar\/index.php?rest_route=\/wp\/v2\/types\/post"}],"author":[{"embeddable":true,"href":"https:\/\/cultura.sma.gob.ar\/index.php?rest_route=\/wp\/v2\/users\/1"}],"replies":[{"embeddable":true,"href":"https:\/\/cultura.sma.gob.ar\/index.php?rest_route=%2Fwp%2Fv2%2Fcomments&post=4159"}],"version-history":[{"count":1,"href":"https:\/\/cultura.sma.gob.ar\/index.php?rest_route=\/wp\/v2\/posts\/4159\/revisions"}],"predecessor-version":[{"id":4161,"href":"https:\/\/cultura.sma.gob.ar\/index.php?rest_route=\/wp\/v2\/posts\/4159\/revisions\/4161"}],"wp:featuredmedia":[{"embeddable":true,"href":"https:\/\/cultura.sma.gob.ar\/index.php?rest_route=\/wp\/v2\/media\/297"}],"wp:attachment":[{"href":"https:\/\/cultura.sma.gob.ar\/index.php?rest_route=%2Fwp%2Fv2%2Fmedia&parent=4159"}],"wp:term":[{"taxonomy":"category","embeddable":true,"href":"https:\/\/cultura.sma.gob.ar\/index.php?rest_route=%2Fwp%2Fv2%2Fcategories&post=4159"},{"taxonomy":"post_tag","embeddable":true,"href":"https:\/\/cultura.sma.gob.ar\/index.php?rest_route=%2Fwp%2Fv2%2Ftags&post=4159"}],"curies":[{"name":"wp","href":"https:\/\/api.w.org\/{rel}","templated":true}]}}