{"id":4155,"date":"2022-10-18T20:38:15","date_gmt":"2022-10-18T23:38:15","guid":{"rendered":"http:\/\/cultura.sma.gob.ar\/?p=4155"},"modified":"2022-10-18T20:38:15","modified_gmt":"2022-10-18T23:38:15","slug":"antigona-de-sofocles","status":"publish","type":"post","link":"https:\/\/cultura.sma.gob.ar\/?p=4155","title":{"rendered":"&#8221;Ant\u00edgona&#8221;, De S\u00f3focles"},"content":{"rendered":"\n<figure class=\"wp-block-image size-large\"><img loading=\"lazy\" decoding=\"async\" width=\"514\" height=\"923\" src=\"http:\/\/cultura.sma.gob.ar\/wp-content\/uploads\/2022\/10\/Flyer-ANTIGONA-1\u00b0-A-LyL-2022.jpeg\" alt=\"\" class=\"wp-image-4156\" srcset=\"https:\/\/cultura.sma.gob.ar\/wp-content\/uploads\/2022\/10\/Flyer-ANTIGONA-1\u00b0-A-LyL-2022.jpeg 514w, https:\/\/cultura.sma.gob.ar\/wp-content\/uploads\/2022\/10\/Flyer-ANTIGONA-1\u00b0-A-LyL-2022-167x300.jpeg 167w, https:\/\/cultura.sma.gob.ar\/wp-content\/uploads\/2022\/10\/Flyer-ANTIGONA-1\u00b0-A-LyL-2022-50x90.jpeg 50w\" sizes=\"auto, (max-width: 514px) 100vw, 514px\" \/><\/figure>\n\n\n\n<p>El pr\u00f3ximo jueves 20 de octubre, a las 21:00hs, llega a la Sala Amankay la obra \u201c<strong>Ant\u00edgona de S\u00f3focles<\/strong>&nbsp;(modificada)\u201d.<\/p>\n\n\n\n<p>Con el apoyo del Centro Cultural Cotesma, estudiantes de 1er a\u00f1o del Profesorado de Lengua y Literatura del ISFD N\u00b03, representar\u00e1n este cl\u00e1sico de todos tiempos bajo la direcci\u00f3n de Gustavo Lozano, adaptado desde las c\u00e1tedras de: Teatro, Literatura Griega y Latina, Historia de la Lengua y Filosof\u00eda.<\/p>\n\n\n\n<p>Este trabajo interdisciplinario realizado en marco del proyecto \u201cEl teatro en las aulas\u201d, aborda con las\/os estudiantes esta conocida tragedia cl\u00e1sica para su estudio y puesta en escena. Al finalizar la representaci\u00f3n, el p\u00fablico podr\u00e1 dialogar con las\/os estudiantes en la sala.<\/p>\n\n\n\n<p>Las entradas (libres y gratuitas) deber\u00e1n ser retiradas previamente en boleter\u00eda; y a la entrada de la sala se podr\u00e1 colaborar con un alimento no perecedero, para el comedor comunitario \u201cLa sonrisa de un ni\u00f1o\u201d.<\/p>\n","protected":false},"excerpt":{"rendered":"<p>El pr\u00f3ximo jueves 20 de octubre, a las 21:00hs, llega a la Sala Amankay la obra \u201cAnt\u00edgona de S\u00f3focles&nbsp;(modificada)\u201d. Con el apoyo del Centro Cultural Cotesma, estudiantes de 1er a\u00f1o del Profesorado de Lengua y Literatura del ISFD N\u00b03, representar\u00e1n este cl\u00e1sico de todos tiempos bajo la direcci\u00f3n de Gustavo Lozano, adaptado desde las c\u00e1tedras de: Teatro, Literatura Griega y Latina, Historia de la Lengua &hellip; <a href=\"https:\/\/cultura.sma.gob.ar\/?p=4155\" class=\"more-link\">Continue reading <span class=\"screen-reader-text\">&#8221;Ant\u00edgona&#8221;, De S\u00f3focles<\/span><\/a><\/p>\n","protected":false},"author":1,"featured_media":297,"comment_status":"closed","ping_status":"","sticky":false,"template":"","format":"image","meta":{"footnotes":""},"categories":[2,9],"tags":[],"class_list":["post-4155","post","type-post","status-publish","format-image","has-post-thumbnail","hentry","category-ciudad-cultural","category-ultimas-noticias","post_format-post-format-image"],"_links":{"self":[{"href":"https:\/\/cultura.sma.gob.ar\/index.php?rest_route=\/wp\/v2\/posts\/4155","targetHints":{"allow":["GET"]}}],"collection":[{"href":"https:\/\/cultura.sma.gob.ar\/index.php?rest_route=\/wp\/v2\/posts"}],"about":[{"href":"https:\/\/cultura.sma.gob.ar\/index.php?rest_route=\/wp\/v2\/types\/post"}],"author":[{"embeddable":true,"href":"https:\/\/cultura.sma.gob.ar\/index.php?rest_route=\/wp\/v2\/users\/1"}],"replies":[{"embeddable":true,"href":"https:\/\/cultura.sma.gob.ar\/index.php?rest_route=%2Fwp%2Fv2%2Fcomments&post=4155"}],"version-history":[{"count":1,"href":"https:\/\/cultura.sma.gob.ar\/index.php?rest_route=\/wp\/v2\/posts\/4155\/revisions"}],"predecessor-version":[{"id":4157,"href":"https:\/\/cultura.sma.gob.ar\/index.php?rest_route=\/wp\/v2\/posts\/4155\/revisions\/4157"}],"wp:featuredmedia":[{"embeddable":true,"href":"https:\/\/cultura.sma.gob.ar\/index.php?rest_route=\/wp\/v2\/media\/297"}],"wp:attachment":[{"href":"https:\/\/cultura.sma.gob.ar\/index.php?rest_route=%2Fwp%2Fv2%2Fmedia&parent=4155"}],"wp:term":[{"taxonomy":"category","embeddable":true,"href":"https:\/\/cultura.sma.gob.ar\/index.php?rest_route=%2Fwp%2Fv2%2Fcategories&post=4155"},{"taxonomy":"post_tag","embeddable":true,"href":"https:\/\/cultura.sma.gob.ar\/index.php?rest_route=%2Fwp%2Fv2%2Ftags&post=4155"}],"curies":[{"name":"wp","href":"https:\/\/api.w.org\/{rel}","templated":true}]}}