{"id":4151,"date":"2022-10-18T20:35:32","date_gmt":"2022-10-18T23:35:32","guid":{"rendered":"http:\/\/cultura.sma.gob.ar\/?p=4151"},"modified":"2022-10-18T20:35:32","modified_gmt":"2022-10-18T23:35:32","slug":"aires-de-rio-y-cordillera-en-el-espacio-trama","status":"publish","type":"post","link":"https:\/\/cultura.sma.gob.ar\/?p=4151","title":{"rendered":"&#8221;Aires de R\u00edo y Cordillera&#8221; en el Espacio TRAMA"},"content":{"rendered":"\n<figure class=\"wp-block-image size-large\"><img loading=\"lazy\" decoding=\"async\" width=\"1024\" height=\"1024\" src=\"http:\/\/cultura.sma.gob.ar\/wp-content\/uploads\/2022\/10\/1-GENERAL-1024x1024.jpeg\" alt=\"\" class=\"wp-image-4152\" srcset=\"https:\/\/cultura.sma.gob.ar\/wp-content\/uploads\/2022\/10\/1-GENERAL-1024x1024.jpeg 1024w, https:\/\/cultura.sma.gob.ar\/wp-content\/uploads\/2022\/10\/1-GENERAL-300x300.jpeg 300w, https:\/\/cultura.sma.gob.ar\/wp-content\/uploads\/2022\/10\/1-GENERAL-150x150.jpeg 150w, https:\/\/cultura.sma.gob.ar\/wp-content\/uploads\/2022\/10\/1-GENERAL-768x768.jpeg 768w, https:\/\/cultura.sma.gob.ar\/wp-content\/uploads\/2022\/10\/1-GENERAL-90x90.jpeg 90w, https:\/\/cultura.sma.gob.ar\/wp-content\/uploads\/2022\/10\/1-GENERAL.jpeg 1080w\" sizes=\"auto, (max-width: 1024px) 100vw, 1024px\" \/><\/figure>\n\n\n\n<p><strong>\u201cAires de R\u00edo y Cordillera\u201d<\/strong><\/p>\n\n\n\n<p>El&nbsp;<strong>viernes 21 de octubre 21:30hs<\/strong>, en el \u201cEspacio Trama\u201d se presenta el espect\u00e1culo&nbsp;<strong>\u201cAires de R\u00edo y Cordillera\u201d,<\/strong>&nbsp;un encuentro que nos invita a viajar por nuestra Am\u00e9rica Latina, desde la monta\u00f1a a los r\u00edos, de la mano de&nbsp;<strong>Polemma D\u00fao<\/strong>&nbsp;y&nbsp;<strong>La Ollesch.<\/strong><\/p>\n\n\n\n<p><strong>\u201cPolemma D\u00fao\u201d<\/strong>, de nuestra ciudad est\u00e1 conformado por Paola Ilabaca y Emmanuel Rocha y se caracteriza por interpretar composiciones propias, as\u00ed como tambi\u00e9n m\u00fasicas de diferentes compositores y compositoras de nuestra Latinoam\u00e9rica.<\/p>\n\n\n\n<p>El d\u00fao busca a trav\u00e9s de su m\u00fasica&nbsp;<em>\u201cexpresar aquellas cosas que nos interpelan encontrando en los ritmos de nuestra tierra y sus poetas el lenguaje para decir y as\u00ed mirarnos, buscarnos, encontrarnos y reflexionar sobre los sufrimientos que cargan nuestras espaldas. Tambi\u00e9n jugamos a ser poetas dando testimonio de nuestra forma de ver la vida y transformando nuestras tristezas y alegr\u00edas en melod\u00edas que al compartirlas nos hermanen con otres para seguir alimentando el testimonio de nuestros pueblos\u201d.<\/em><\/p>\n\n\n\n<p>Mar\u00eda Laura Ollesch,&nbsp;<strong>\u201cLa Ollesch\u201d<\/strong>, ha recorrido diversos estilos musicales, desde comparsas y murgas hasta la balada, el rock, el tango, el blues. En su paso entre Gualeguaych\u00fa, Buenos Aires y San Mart\u00edn de los Andes, donde est\u00e1 radicada hace m\u00e1s de 8 a\u00f1os, se dedic\u00f3 a gestar espacios culturales y comunitarios desde la m\u00fasica, tambi\u00e9n colabor\u00f3 con artistas en grabaciones y arreglos vocales.<\/p>\n\n\n\n<p>Hoy&nbsp;<strong>\u201cLa Ollesch\u201d<\/strong>&nbsp;nos trae en su m\u00fasica su andar por ambas orillas de R\u00edo Uruguay con un entramado entre sus propias creaciones y grandes artistas que influenciaron los g\u00e9neros de ambos pa\u00edses.&nbsp;Este proyecto est\u00e1 acompa\u00f1ado, en la percusi\u00f3n, por Alejandro \u201cCach\u00fa\u201d Carrizo.<\/p>\n\n\n\n<p>Entradas a la venta en el espacio Trama y v\u00eda Mercado Pago:&nbsp;<a href=\"https:\/\/correo.smandes.gov.ar\/owa\/redir.aspx?C=7313779543a04ac4b952a85ff2fbedda&amp;URL=https%3a%2f%2fmpago.la%2f2qMd8rw\" target=\"_blank\" rel=\"noreferrer noopener\">https:\/\/mpago.la\/2qMd8rw<\/a><\/p>\n\n\n\n<p>Les esperamos!!!<\/p>\n","protected":false},"excerpt":{"rendered":"<p>\u201cAires de R\u00edo y Cordillera\u201d El&nbsp;viernes 21 de octubre 21:30hs, en el \u201cEspacio Trama\u201d se presenta el espect\u00e1culo&nbsp;\u201cAires de R\u00edo y Cordillera\u201d,&nbsp;un encuentro que nos invita a viajar por nuestra Am\u00e9rica Latina, desde la monta\u00f1a a los r\u00edos, de la mano de&nbsp;Polemma D\u00fao&nbsp;y&nbsp;La Ollesch. \u201cPolemma D\u00fao\u201d, de nuestra ciudad est\u00e1 conformado por Paola Ilabaca y Emmanuel Rocha y se caracteriza por interpretar composiciones propias, as\u00ed &hellip; <a href=\"https:\/\/cultura.sma.gob.ar\/?p=4151\" class=\"more-link\">Continue reading <span class=\"screen-reader-text\">&#8221;Aires de R\u00edo y Cordillera&#8221; en el Espacio TRAMA<\/span><\/a><\/p>\n","protected":false},"author":1,"featured_media":297,"comment_status":"closed","ping_status":"","sticky":false,"template":"","format":"image","meta":{"footnotes":""},"categories":[2,9],"tags":[],"class_list":["post-4151","post","type-post","status-publish","format-image","has-post-thumbnail","hentry","category-ciudad-cultural","category-ultimas-noticias","post_format-post-format-image"],"_links":{"self":[{"href":"https:\/\/cultura.sma.gob.ar\/index.php?rest_route=\/wp\/v2\/posts\/4151","targetHints":{"allow":["GET"]}}],"collection":[{"href":"https:\/\/cultura.sma.gob.ar\/index.php?rest_route=\/wp\/v2\/posts"}],"about":[{"href":"https:\/\/cultura.sma.gob.ar\/index.php?rest_route=\/wp\/v2\/types\/post"}],"author":[{"embeddable":true,"href":"https:\/\/cultura.sma.gob.ar\/index.php?rest_route=\/wp\/v2\/users\/1"}],"replies":[{"embeddable":true,"href":"https:\/\/cultura.sma.gob.ar\/index.php?rest_route=%2Fwp%2Fv2%2Fcomments&post=4151"}],"version-history":[{"count":1,"href":"https:\/\/cultura.sma.gob.ar\/index.php?rest_route=\/wp\/v2\/posts\/4151\/revisions"}],"predecessor-version":[{"id":4153,"href":"https:\/\/cultura.sma.gob.ar\/index.php?rest_route=\/wp\/v2\/posts\/4151\/revisions\/4153"}],"wp:featuredmedia":[{"embeddable":true,"href":"https:\/\/cultura.sma.gob.ar\/index.php?rest_route=\/wp\/v2\/media\/297"}],"wp:attachment":[{"href":"https:\/\/cultura.sma.gob.ar\/index.php?rest_route=%2Fwp%2Fv2%2Fmedia&parent=4151"}],"wp:term":[{"taxonomy":"category","embeddable":true,"href":"https:\/\/cultura.sma.gob.ar\/index.php?rest_route=%2Fwp%2Fv2%2Fcategories&post=4151"},{"taxonomy":"post_tag","embeddable":true,"href":"https:\/\/cultura.sma.gob.ar\/index.php?rest_route=%2Fwp%2Fv2%2Ftags&post=4151"}],"curies":[{"name":"wp","href":"https:\/\/api.w.org\/{rel}","templated":true}]}}