{"id":414,"date":"2020-10-17T11:25:11","date_gmt":"2020-10-17T14:25:11","guid":{"rendered":"http:\/\/cultura.sma.gob.ar\/?p=414"},"modified":"2020-10-17T11:25:11","modified_gmt":"2020-10-17T14:25:11","slug":"manta-un-proyecto-de-intercambio-y-experiencias","status":"publish","type":"post","link":"https:\/\/cultura.sma.gob.ar\/?p=414","title":{"rendered":"MANTA: un proyecto de intercambio y experiencias"},"content":{"rendered":"\n<figure class=\"wp-block-image size-large\"><img loading=\"lazy\" decoding=\"async\" width=\"1024\" height=\"1024\" src=\"http:\/\/cultura.sma.gob.ar\/wp-content\/uploads\/2020\/10\/mantalogoministerio-1-1024x1024.jpg\" alt=\"\" class=\"wp-image-415\" srcset=\"https:\/\/cultura.sma.gob.ar\/wp-content\/uploads\/2020\/10\/mantalogoministerio-1-1024x1024.jpg 1024w, https:\/\/cultura.sma.gob.ar\/wp-content\/uploads\/2020\/10\/mantalogoministerio-1-300x300.jpg 300w, https:\/\/cultura.sma.gob.ar\/wp-content\/uploads\/2020\/10\/mantalogoministerio-1-150x150.jpg 150w, https:\/\/cultura.sma.gob.ar\/wp-content\/uploads\/2020\/10\/mantalogoministerio-1-768x768.jpg 768w, https:\/\/cultura.sma.gob.ar\/wp-content\/uploads\/2020\/10\/mantalogoministerio-1-1536x1536.jpg 1536w, https:\/\/cultura.sma.gob.ar\/wp-content\/uploads\/2020\/10\/mantalogoministerio-1-2048x2048.jpg 2048w, https:\/\/cultura.sma.gob.ar\/wp-content\/uploads\/2020\/10\/mantalogoministerio-1-90x90.jpg 90w\" sizes=\"auto, (max-width: 1024px) 100vw, 1024px\" \/><\/figure>\n\n\n\n<p>MANTA es un proyecto de intercambios y experiencias en pr\u00e1cticas artistas que funciona en San Mart\u00edn de los Andes hace 7 a\u00f1os.&nbsp; Llevamos a cabo residencias para artistas y diversos actividades de formaci\u00f3n.&nbsp;<strong>Siempre nuestra invitaci\u00f3n es para encontrarse y complotar , explorar nuestros imaginarios, transitar acciones colectivas y emp\u00e1ticas.<\/strong><\/p>\n\n\n\n<p>Los seminarios son&nbsp;&nbsp;<em>Los l\u00edmites de la imagen<\/em>&nbsp;dictado por el filosofo y artistas Manuel Quaranta de Rosario,&nbsp;<em>De d\u00f3nde salen las obras?<\/em>&nbsp;por la pintura y activista feminista F\u00e1tima Pecci Carou de Buenos Aires y&nbsp;<em>La fotograf\u00eda despu\u00e9s de la fotograf\u00eda<\/em>&nbsp;a cargo de Marina Cisneros , pensadora&nbsp;&nbsp;de la imagen, artista y docente de Neuqu\u00e9n. Cada seminario tiene una duraci\u00f3n de 2 d\u00edas (siempre fines de semana) y est\u00e1n abiertos a cualquier persona interesada en participar.<\/p>\n\n\n\n<p>Para m\u00e1s informaci\u00f3n de cada seminario y profesorx , formas de inscripci\u00f3n, posibilidad de becas y descuentos ingresar a : &nbsp;<a href=\"https:\/\/correo.smandes.gov.ar\/owa\/redir.aspx?C=0a84c2864bb04af6933dfcb0dd096323&amp;URL=http%3a%2f%2fwww.proyectomanta.com%2fvirtuales%2f\" target=\"_blank\" rel=\"noreferrer noopener\">www.proyectomanta.com\/virtuales\/<\/a><\/p>\n\n\n\n<p>instagram @manta_residencia<\/p>\n\n\n\n<p>facebook: MANTA taller &#8211; residencia<\/p>\n\n\n\n<p><a href=\"https:\/\/correo.smandes.gov.ar\/owa\/redir.aspx?C=0a84c2864bb04af6933dfcb0dd096323&amp;URL=mailto%3atallermanta%40gmail.com\">tallermanta@gmail.com<\/a>&nbsp;<\/p>\n","protected":false},"excerpt":{"rendered":"<p>Seminarios abiertos a quien quiera participar. <a href=\"https:\/\/cultura.sma.gob.ar\/?p=414\" class=\"more-link\">Continue reading <span class=\"screen-reader-text\">MANTA: un proyecto de intercambio y experiencias<\/span><\/a><\/p>\n","protected":false},"author":1,"featured_media":297,"comment_status":"closed","ping_status":"","sticky":false,"template":"","format":"image","meta":{"footnotes":""},"categories":[2,9],"tags":[],"class_list":["post-414","post","type-post","status-publish","format-image","has-post-thumbnail","hentry","category-ciudad-cultural","category-ultimas-noticias","post_format-post-format-image"],"_links":{"self":[{"href":"https:\/\/cultura.sma.gob.ar\/index.php?rest_route=\/wp\/v2\/posts\/414","targetHints":{"allow":["GET"]}}],"collection":[{"href":"https:\/\/cultura.sma.gob.ar\/index.php?rest_route=\/wp\/v2\/posts"}],"about":[{"href":"https:\/\/cultura.sma.gob.ar\/index.php?rest_route=\/wp\/v2\/types\/post"}],"author":[{"embeddable":true,"href":"https:\/\/cultura.sma.gob.ar\/index.php?rest_route=\/wp\/v2\/users\/1"}],"replies":[{"embeddable":true,"href":"https:\/\/cultura.sma.gob.ar\/index.php?rest_route=%2Fwp%2Fv2%2Fcomments&post=414"}],"version-history":[{"count":1,"href":"https:\/\/cultura.sma.gob.ar\/index.php?rest_route=\/wp\/v2\/posts\/414\/revisions"}],"predecessor-version":[{"id":416,"href":"https:\/\/cultura.sma.gob.ar\/index.php?rest_route=\/wp\/v2\/posts\/414\/revisions\/416"}],"wp:featuredmedia":[{"embeddable":true,"href":"https:\/\/cultura.sma.gob.ar\/index.php?rest_route=\/wp\/v2\/media\/297"}],"wp:attachment":[{"href":"https:\/\/cultura.sma.gob.ar\/index.php?rest_route=%2Fwp%2Fv2%2Fmedia&parent=414"}],"wp:term":[{"taxonomy":"category","embeddable":true,"href":"https:\/\/cultura.sma.gob.ar\/index.php?rest_route=%2Fwp%2Fv2%2Fcategories&post=414"},{"taxonomy":"post_tag","embeddable":true,"href":"https:\/\/cultura.sma.gob.ar\/index.php?rest_route=%2Fwp%2Fv2%2Ftags&post=414"}],"curies":[{"name":"wp","href":"https:\/\/api.w.org\/{rel}","templated":true}]}}