{"id":4138,"date":"2022-10-16T18:02:10","date_gmt":"2022-10-16T21:02:10","guid":{"rendered":"http:\/\/cultura.sma.gob.ar\/?p=4138"},"modified":"2022-10-16T18:02:10","modified_gmt":"2022-10-16T21:02:10","slug":"muestra-nacer-de-cirdante-multiespacio","status":"publish","type":"post","link":"https:\/\/cultura.sma.gob.ar\/?p=4138","title":{"rendered":"Muestra &#8220;Nacer&#8221; de Cirdante Multiespacio"},"content":{"rendered":"\n<figure class=\"wp-block-image size-large\"><img loading=\"lazy\" decoding=\"async\" width=\"1024\" height=\"778\" src=\"http:\/\/cultura.sma.gob.ar\/wp-content\/uploads\/2022\/10\/Flyer-Muestra-Cirdante-1024x778.jpg\" alt=\"\" class=\"wp-image-4139\" srcset=\"https:\/\/cultura.sma.gob.ar\/wp-content\/uploads\/2022\/10\/Flyer-Muestra-Cirdante-1024x778.jpg 1024w, https:\/\/cultura.sma.gob.ar\/wp-content\/uploads\/2022\/10\/Flyer-Muestra-Cirdante-300x228.jpg 300w, https:\/\/cultura.sma.gob.ar\/wp-content\/uploads\/2022\/10\/Flyer-Muestra-Cirdante-768x584.jpg 768w, https:\/\/cultura.sma.gob.ar\/wp-content\/uploads\/2022\/10\/Flyer-Muestra-Cirdante-118x90.jpg 118w, https:\/\/cultura.sma.gob.ar\/wp-content\/uploads\/2022\/10\/Flyer-Muestra-Cirdante.jpg 1280w\" sizes=\"auto, (max-width: 1024px) 100vw, 1024px\" \/><\/figure>\n\n\n\n<p>El pr\u00f3ximo s\u00e1bado 22 y domingo 23 de octubre a las 20:00hs en la Sala Amankay, Cirdante Multiespacio presenta \u201cNACER\u201d, un show de los alumnos de CIRco, DANza y TEatro. Una Muestra de Circo, Danza y Teatro, producida y protagonizada por los alumnos del espacio que hasta eligieron la m\u00fasica que los representa.<\/p>\n\n\n\n<p>No vas a ver, s\u00f3lo, una muestra vas a vivir un espect\u00e1culo.<\/p>\n\n\n\n<p>Entrada General $700.- Abierta al p\u00fablico general a partir del 16\/10, en la Boleteria del Centro Cultural.<\/p>\n\n\n\n<p>Suben al escenario:<br>Amy, Mimi, Luana, Jazmin, Morita, Almendra, Fara, Reni, Dai, Marema, Thiago, Luca, Mai, Umi, Uli, Pachu, Fede, Mar\u00eda, Makena, Lucia, Charo, Carola, Cata, Aurora, Fede, Juli, Manu, Mia, Maya, Iara, Mica, Pau, Maura, Cande, Sofi, Juli, Maura y Ana.<\/p>\n\n\n\n<p>Coordinaci\u00f3n: Chabe y Romi Farias.<\/p>\n","protected":false},"excerpt":{"rendered":"<p>El pr\u00f3ximo s\u00e1bado 22 y domingo 23 de octubre a las 20:00hs en la Sala Amankay, Cirdante Multiespacio presenta \u201cNACER\u201d, un show de los alumnos de CIRco, DANza y TEatro. Una Muestra de Circo, Danza y Teatro, producida y protagonizada por los alumnos del espacio que hasta eligieron la m\u00fasica que los representa. No vas a ver, s\u00f3lo, una muestra vas a vivir un espect\u00e1culo. &hellip; <a href=\"https:\/\/cultura.sma.gob.ar\/?p=4138\" class=\"more-link\">Continue reading <span class=\"screen-reader-text\">Muestra &#8220;Nacer&#8221; de Cirdante Multiespacio<\/span><\/a><\/p>\n","protected":false},"author":1,"featured_media":297,"comment_status":"closed","ping_status":"","sticky":false,"template":"","format":"image","meta":{"footnotes":""},"categories":[2,9],"tags":[],"class_list":["post-4138","post","type-post","status-publish","format-image","has-post-thumbnail","hentry","category-ciudad-cultural","category-ultimas-noticias","post_format-post-format-image"],"_links":{"self":[{"href":"https:\/\/cultura.sma.gob.ar\/index.php?rest_route=\/wp\/v2\/posts\/4138","targetHints":{"allow":["GET"]}}],"collection":[{"href":"https:\/\/cultura.sma.gob.ar\/index.php?rest_route=\/wp\/v2\/posts"}],"about":[{"href":"https:\/\/cultura.sma.gob.ar\/index.php?rest_route=\/wp\/v2\/types\/post"}],"author":[{"embeddable":true,"href":"https:\/\/cultura.sma.gob.ar\/index.php?rest_route=\/wp\/v2\/users\/1"}],"replies":[{"embeddable":true,"href":"https:\/\/cultura.sma.gob.ar\/index.php?rest_route=%2Fwp%2Fv2%2Fcomments&post=4138"}],"version-history":[{"count":1,"href":"https:\/\/cultura.sma.gob.ar\/index.php?rest_route=\/wp\/v2\/posts\/4138\/revisions"}],"predecessor-version":[{"id":4140,"href":"https:\/\/cultura.sma.gob.ar\/index.php?rest_route=\/wp\/v2\/posts\/4138\/revisions\/4140"}],"wp:featuredmedia":[{"embeddable":true,"href":"https:\/\/cultura.sma.gob.ar\/index.php?rest_route=\/wp\/v2\/media\/297"}],"wp:attachment":[{"href":"https:\/\/cultura.sma.gob.ar\/index.php?rest_route=%2Fwp%2Fv2%2Fmedia&parent=4138"}],"wp:term":[{"taxonomy":"category","embeddable":true,"href":"https:\/\/cultura.sma.gob.ar\/index.php?rest_route=%2Fwp%2Fv2%2Fcategories&post=4138"},{"taxonomy":"post_tag","embeddable":true,"href":"https:\/\/cultura.sma.gob.ar\/index.php?rest_route=%2Fwp%2Fv2%2Ftags&post=4138"}],"curies":[{"name":"wp","href":"https:\/\/api.w.org\/{rel}","templated":true}]}}