{"id":4131,"date":"2022-10-13T21:37:10","date_gmt":"2022-10-14T00:37:10","guid":{"rendered":"http:\/\/cultura.sma.gob.ar\/?p=4131"},"modified":"2022-10-13T21:37:10","modified_gmt":"2022-10-14T00:37:10","slug":"1-concierto-en-el-marco-del-intercambio-de-coros-juveniles","status":"publish","type":"post","link":"https:\/\/cultura.sma.gob.ar\/?p=4131","title":{"rendered":"1\u00b0 Concierto en el marco del Intercambio de Coros Juveniles"},"content":{"rendered":"\n<figure class=\"wp-block-image size-large\"><img loading=\"lazy\" decoding=\"async\" width=\"538\" height=\"1024\" src=\"http:\/\/cultura.sma.gob.ar\/wp-content\/uploads\/2022\/10\/Concierto-Encuentro-de-Coros-Flyer-538x1024.jpg\" alt=\"\" class=\"wp-image-4132\" srcset=\"https:\/\/cultura.sma.gob.ar\/wp-content\/uploads\/2022\/10\/Concierto-Encuentro-de-Coros-Flyer-538x1024.jpg 538w, https:\/\/cultura.sma.gob.ar\/wp-content\/uploads\/2022\/10\/Concierto-Encuentro-de-Coros-Flyer-158x300.jpg 158w, https:\/\/cultura.sma.gob.ar\/wp-content\/uploads\/2022\/10\/Concierto-Encuentro-de-Coros-Flyer-47x90.jpg 47w, https:\/\/cultura.sma.gob.ar\/wp-content\/uploads\/2022\/10\/Concierto-Encuentro-de-Coros-Flyer.jpg 673w\" sizes=\"auto, (max-width: 538px) 100vw, 538px\" \/><\/figure>\n\n\n\n<p>El pr\u00f3ximo s\u00e1bado, 15 de octubre a las 20hs (Puntual) en nuestra querida Sala Amankay, se llevar\u00e1 a cabo el \u201c1\u00b0 Concierto en el marco del Intercambio de Coros Juveniles de la Escuela Superior de M\u00fasica de SMA y el Coro Juvenil Municipal &#8220;La llave&#8221;, dirigido por la profesora Marta Ulecia, junto a su equipo de trabajo, quienes nos visitan desde Bariloche.<br>Por su parte, la Escuela de M\u00fasica de San Mart\u00edn de los Andes participar\u00e1 con el Coro Prejuvenil a cargo de la profesora Carolina Ventura;<br>Coro Juvenil a cargo de la profesora Valeria Bojart.<br>Adem\u00e1s, en este evento participar\u00e1n Ensambles del Nivel fobam (formaci\u00f3n b\u00e1sica musical):<br>Ensamble &#8220;Lo que el viento nos dej\u00f3&#8221; (A cargo de Silvina Cornejo, Carolina Ventura, Theo Navas).<br>Ensamble &#8220;Lumi\u00e9 1820&#8221; (a cargo de Gonzalo Barcel\u00f3 y Nicol\u00e1s Salas)<br>Ensamble &#8220;los ruidosos&#8221; (a cargo de Gonzalo Barcel\u00f3, Felipe Barcel\u00f3 y Theo Navas).<\/p>\n\n\n\n<p>Imperdible propuesta organizada por la Escuela Superior de M\u00fasica de San Mart\u00edn de los Andes, con el apoyo de ATEN, la Secretar\u00eda de Cultura de San Mart\u00edn de los Andes y del Centro Cultural Cotesma.<\/p>\n\n\n\n<p>Varios\/as de los integrantes del coro participan tambi\u00e9n en los Ensambles; incluso interpretan obras en conjunto.<\/p>\n\n\n\n<p>La entrada es libre y gratuita, a retirarse de la boleteria del Centro Cultural (de 16hs a 22hs) con bono contribuci\u00f3n a beneficio de los coros para poder solventar los gastos de transporte a Bariloche en el segundo encuentro de este intercambio qu\u00e9 se llevar\u00e1 a cabo el primer fin de semana de Noviembre.<\/p>\n\n\n\n<p>Por otra parte, se realizar\u00e1 la gran &#8220;Rifa del d\u00eda de la madre&#8221; con hermosos premios. Los n\u00b0 de la entrada tambi\u00e9n juegan del sorteo.<br>Cabe resaltar que este tipo de actividades adem\u00e1s de desarrollar y profundizar en el arte espec\u00edfico del canto y del canto colectivo, promueven el intercambio de j\u00f3venes, compartiendo sus experiencias, expectativas, proyectos y el gusto por la m\u00fasica. Se van tejiendo puentes que conforman una red de contenci\u00f3n y acompa\u00f1amiento, adem\u00e1s de motivaci\u00f3n para seguir haciendo nuestros sue\u00f1os y proyectos realidad.<br>Venimos realizando algunas actividades con este mismo fin y es evidente en la cara de los adolescentes la alegr\u00eda y el entusiasmo con el que realizan las propuestas siendo ellos mismos los y las protagonistas de este encuentro.<br>Llegar, Recibir, Dar, Mirar, Escuchar, Nombrar, jugar, cantar, conectar, caminar, compartir, son algunas de las propuestas del intercambio de coros juveniles.<\/p>\n","protected":false},"excerpt":{"rendered":"<p>El pr\u00f3ximo s\u00e1bado, 15 de octubre a las 20hs (Puntual) en nuestra querida Sala Amankay, se llevar\u00e1 a cabo el \u201c1\u00b0 Concierto en el marco del Intercambio de Coros Juveniles de la Escuela Superior de M\u00fasica de SMA y el Coro Juvenil Municipal &#8220;La llave&#8221;, dirigido por la profesora Marta Ulecia, junto a su equipo de trabajo, quienes nos visitan desde Bariloche.Por su parte, la &hellip; <a href=\"https:\/\/cultura.sma.gob.ar\/?p=4131\" class=\"more-link\">Continue reading <span class=\"screen-reader-text\">1\u00b0 Concierto en el marco del Intercambio de Coros Juveniles<\/span><\/a><\/p>\n","protected":false},"author":1,"featured_media":297,"comment_status":"closed","ping_status":"","sticky":false,"template":"","format":"image","meta":{"footnotes":""},"categories":[2,9],"tags":[],"class_list":["post-4131","post","type-post","status-publish","format-image","has-post-thumbnail","hentry","category-ciudad-cultural","category-ultimas-noticias","post_format-post-format-image"],"_links":{"self":[{"href":"https:\/\/cultura.sma.gob.ar\/index.php?rest_route=\/wp\/v2\/posts\/4131","targetHints":{"allow":["GET"]}}],"collection":[{"href":"https:\/\/cultura.sma.gob.ar\/index.php?rest_route=\/wp\/v2\/posts"}],"about":[{"href":"https:\/\/cultura.sma.gob.ar\/index.php?rest_route=\/wp\/v2\/types\/post"}],"author":[{"embeddable":true,"href":"https:\/\/cultura.sma.gob.ar\/index.php?rest_route=\/wp\/v2\/users\/1"}],"replies":[{"embeddable":true,"href":"https:\/\/cultura.sma.gob.ar\/index.php?rest_route=%2Fwp%2Fv2%2Fcomments&post=4131"}],"version-history":[{"count":1,"href":"https:\/\/cultura.sma.gob.ar\/index.php?rest_route=\/wp\/v2\/posts\/4131\/revisions"}],"predecessor-version":[{"id":4133,"href":"https:\/\/cultura.sma.gob.ar\/index.php?rest_route=\/wp\/v2\/posts\/4131\/revisions\/4133"}],"wp:featuredmedia":[{"embeddable":true,"href":"https:\/\/cultura.sma.gob.ar\/index.php?rest_route=\/wp\/v2\/media\/297"}],"wp:attachment":[{"href":"https:\/\/cultura.sma.gob.ar\/index.php?rest_route=%2Fwp%2Fv2%2Fmedia&parent=4131"}],"wp:term":[{"taxonomy":"category","embeddable":true,"href":"https:\/\/cultura.sma.gob.ar\/index.php?rest_route=%2Fwp%2Fv2%2Fcategories&post=4131"},{"taxonomy":"post_tag","embeddable":true,"href":"https:\/\/cultura.sma.gob.ar\/index.php?rest_route=%2Fwp%2Fv2%2Ftags&post=4131"}],"curies":[{"name":"wp","href":"https:\/\/api.w.org\/{rel}","templated":true}]}}