{"id":410,"date":"2020-10-14T09:47:18","date_gmt":"2020-10-14T12:47:18","guid":{"rendered":"http:\/\/cultura.sma.gob.ar\/?p=410"},"modified":"2020-10-14T09:47:18","modified_gmt":"2020-10-14T12:47:18","slug":"manta-incentivo-para-el-desarrollo-productivo-artesanal","status":"publish","type":"post","link":"https:\/\/cultura.sma.gob.ar\/?p=410","title":{"rendered":"MANTA: incentivo para el desarrollo productivo artesanal"},"content":{"rendered":"\n\n\n<figure class=\"wp-block-image\"><img decoding=\"async\" src=\"https:\/\/www.cultura.gob.ar\/media\/uploads\/flyer-manta2-1x1.png\" alt=\"\"\/><\/figure>\n\n\n\n<p><strong>\u00bfA qui\u00e9nes est\u00e1 dirigida la convocatoria?<\/strong><\/p>\n\n\n\n<p>Para postularse, podr\u00e1n aplicar como personas f\u00edsicas a las siguientes modalidades de beca:<\/p>\n\n\n\n<p>Artesanos y artesanas mayores de 18 a\u00f1os, de todo el territorio nacional.<\/p>\n\n\n\n<p>Artesanos y artesanas con Reconocimiento a la Calidad del Producto Artesanal del Cono Sur en cualquiera de sus ediciones.<\/p>\n\n\n\n<p><strong>\u00bfCu\u00e1l es el beneficio?<\/strong><\/p>\n\n\n\n<p>El monto m\u00e1ximo otorgable por proyecto seleccionado, para ambas modalidades, es de $100.000<\/p>\n\n\n\n<p><strong>\u00bfC\u00f3mo me puedo presentar?<\/strong><\/p>\n\n\n\n<p><strong>Ten\u00e9s que ingresar&nbsp;<a href=\"https:\/\/forms.cultura.gob.ar\/index.php\/289197?lang=es\">ac\u00e1<\/a>,&nbsp;donde podr\u00e1s registrarte.<\/strong>&nbsp;Luego llegar\u00e1 a tu correo electr\u00f3nico un enlace, a trav\u00e9s del cual vas a poder hacer tu presentaci\u00f3n.&nbsp;<strong>All\u00ed tambi\u00e9n se te solicitar\u00e1 que cargues la siguiente declaraci\u00f3n jurada completa. Descargala&nbsp;<a href=\"https:\/\/www.cultura.gob.ar\/media\/uploads\/declaracion_jurada_postulacion_manta_-_anexo_ii.doc\">aqu\u00ed<\/a>.<\/strong><\/p>\n\n\n\n<p>Si ten\u00e9s alguna duda aqu\u00ed te dejamos este&nbsp;<a href=\"https:\/\/drive.google.com\/file\/d\/1zAcNmngHDT6-91q3ePE8chYj8Gz3xMpq\/view?usp=sharing\">instructivo completo<\/a>.<\/p>\n\n\n\n<p><strong>\u00bfHasta cu\u00e1ndo me puedo presentar?<\/strong><\/p>\n\n\n\n<p>La convocatoria permanecer\u00e1 abierta desde el 6 de octubre hasta el 4 de noviembre de 2020.<\/p>\n\n\n\n<p>Por dudas y consultas sobre c\u00f3mo postularse correctamente, pod\u00e9s escribir a:\u00a0matria@cultura.gob.ar\u00a0<\/p>\n\n\n\n<p><strong>Por m\u00e1s informaci\u00f3n, consult\u00e1 las\u00a0<a href=\"https:\/\/drive.google.com\/file\/d\/1vuE2MkIeuQwC5Mr4894G4LQZVH_lfQOB\/view?usp=sharing\">bases y condiciones<\/a>.\u00a0<\/strong><\/p>\n","protected":false},"excerpt":{"rendered":"<p>Convocatoria del Ministerio de Cultura de la Naci\u00f3n. <a href=\"https:\/\/cultura.sma.gob.ar\/?p=410\" class=\"more-link\">Continue reading <span class=\"screen-reader-text\">MANTA: incentivo para el desarrollo productivo artesanal<\/span><\/a><\/p>\n","protected":false},"author":1,"featured_media":297,"comment_status":"closed","ping_status":"","sticky":false,"template":"","format":"image","meta":{"footnotes":""},"categories":[9],"tags":[],"class_list":["post-410","post","type-post","status-publish","format-image","has-post-thumbnail","hentry","category-ultimas-noticias","post_format-post-format-image"],"_links":{"self":[{"href":"https:\/\/cultura.sma.gob.ar\/index.php?rest_route=\/wp\/v2\/posts\/410","targetHints":{"allow":["GET"]}}],"collection":[{"href":"https:\/\/cultura.sma.gob.ar\/index.php?rest_route=\/wp\/v2\/posts"}],"about":[{"href":"https:\/\/cultura.sma.gob.ar\/index.php?rest_route=\/wp\/v2\/types\/post"}],"author":[{"embeddable":true,"href":"https:\/\/cultura.sma.gob.ar\/index.php?rest_route=\/wp\/v2\/users\/1"}],"replies":[{"embeddable":true,"href":"https:\/\/cultura.sma.gob.ar\/index.php?rest_route=%2Fwp%2Fv2%2Fcomments&post=410"}],"version-history":[{"count":1,"href":"https:\/\/cultura.sma.gob.ar\/index.php?rest_route=\/wp\/v2\/posts\/410\/revisions"}],"predecessor-version":[{"id":411,"href":"https:\/\/cultura.sma.gob.ar\/index.php?rest_route=\/wp\/v2\/posts\/410\/revisions\/411"}],"wp:featuredmedia":[{"embeddable":true,"href":"https:\/\/cultura.sma.gob.ar\/index.php?rest_route=\/wp\/v2\/media\/297"}],"wp:attachment":[{"href":"https:\/\/cultura.sma.gob.ar\/index.php?rest_route=%2Fwp%2Fv2%2Fmedia&parent=410"}],"wp:term":[{"taxonomy":"category","embeddable":true,"href":"https:\/\/cultura.sma.gob.ar\/index.php?rest_route=%2Fwp%2Fv2%2Fcategories&post=410"},{"taxonomy":"post_tag","embeddable":true,"href":"https:\/\/cultura.sma.gob.ar\/index.php?rest_route=%2Fwp%2Fv2%2Ftags&post=410"}],"curies":[{"name":"wp","href":"https:\/\/api.w.org\/{rel}","templated":true}]}}