{"id":4096,"date":"2022-10-13T12:30:34","date_gmt":"2022-10-13T15:30:34","guid":{"rendered":"http:\/\/cultura.sma.gob.ar\/?p=4096"},"modified":"2022-10-13T12:30:34","modified_gmt":"2022-10-13T15:30:34","slug":"la-jauria-presenta-cantos-de-la-tierra","status":"publish","type":"post","link":"https:\/\/cultura.sma.gob.ar\/?p=4096","title":{"rendered":"La Jaur\u00eda presenta &#8221;Cantos de la tierra&#8221;"},"content":{"rendered":"\n<figure class=\"wp-block-image size-large\"><img loading=\"lazy\" decoding=\"async\" width=\"530\" height=\"750\" src=\"http:\/\/cultura.sma.gob.ar\/wp-content\/uploads\/2022\/10\/AFICHE-San-Martin.jpg\" alt=\"\" class=\"wp-image-4097\" srcset=\"https:\/\/cultura.sma.gob.ar\/wp-content\/uploads\/2022\/10\/AFICHE-San-Martin.jpg 530w, https:\/\/cultura.sma.gob.ar\/wp-content\/uploads\/2022\/10\/AFICHE-San-Martin-212x300.jpg 212w, https:\/\/cultura.sma.gob.ar\/wp-content\/uploads\/2022\/10\/AFICHE-San-Martin-64x90.jpg 64w\" sizes=\"auto, (max-width: 530px) 100vw, 530px\" \/><\/figure>\n\n\n\n<p>Este domingo, 16 de octubre, regalale a tu mam\u00e1 una imperdible noche de espect\u00e1culo en la Sala Amankay. A las 20:30hs, La Jaur\u00eda, conjunto vocal compuesto por ocho cantantes y un director de puesta en escena, estudiantes de m\u00fasica del Instituto Universitario Patag\u00f3nico de Artes (IUPA) en General Roca (R\u00edo Negro), presentan \u201cCANTOS DE LA TIERRA\u201d.<\/p>\n\n\n\n<p>&#8220;Cantos de la Tierra&#8221; es un espect\u00e1culo musical que busca romper con la estructura de concierto tradicional, al incluir a la propuesta elementos de interpretaci\u00f3n teatral y lograr as\u00ed continuidad en su desarrollo. Este concierto dura aproximadamente 90 minutos. Se divide en dos partes y consta de 14 canciones (obras de \u00edndole coral) hiladas por una misma narrativa mediante la puesta en escena.<br><br>Tenores Primeros:<br>Juli\u00e1n Flores<br>Mart\u00edn Toninato<br><br>Tenores Segundos:<br>Federico Moccero<br>Ezequiel Ziaurriz<br><br>Bar\u00edtonos:<br>Juan I. Ziaurriz<br>C\u00e9sar Pav\u00f3n<br><br>Bajos:<br>Mat\u00edas Fern\u00e1ndez<br>V\u00edctor Diconca<br><br>Director Teatral:<br>Emilio Ziaurriz<\/p>\n\n\n\n<p>Vestuario:<br>Milagros Torossian<br><br>Comunicaci\u00f3n y Prensa:<br>Camila D\u00edaz Nicol\u00e1s<br><br>Entradas en venta en la boleteria del Centro Cultural<br>Anticipadas $800.-<br>El mismo d\u00eda $1.000.-<\/p>\n\n\n\n<p>Contactos:<br><a href=\"https:\/\/correo.smandes.gov.ar\/owa\/redir.aspx?C=a3014a84ef424f75b0fff41ae6562b1d&amp;URL=mailto%3aoctetolajauria%40gmail.com\">octetolajauria@gmail.com<\/a><br>02984678373 (C\u00e9sar Pav\u00f3n)<br>02944285624 (Ezequiel Ziaurriz)<\/p>\n","protected":false},"excerpt":{"rendered":"<p>Este domingo, 16 de octubre, regalale a tu mam\u00e1 una imperdible noche de espect\u00e1culo en la Sala Amankay. A las 20:30hs, La Jaur\u00eda, conjunto vocal compuesto por ocho cantantes y un director de puesta en escena, estudiantes de m\u00fasica del Instituto Universitario Patag\u00f3nico de Artes (IUPA) en General Roca (R\u00edo Negro), presentan \u201cCANTOS DE LA TIERRA\u201d. &#8220;Cantos de la Tierra&#8221; es un espect\u00e1culo musical que &hellip; <a href=\"https:\/\/cultura.sma.gob.ar\/?p=4096\" class=\"more-link\">Continue reading <span class=\"screen-reader-text\">La Jaur\u00eda presenta &#8221;Cantos de la tierra&#8221;<\/span><\/a><\/p>\n","protected":false},"author":1,"featured_media":297,"comment_status":"closed","ping_status":"","sticky":false,"template":"","format":"image","meta":{"footnotes":""},"categories":[2,9],"tags":[],"class_list":["post-4096","post","type-post","status-publish","format-image","has-post-thumbnail","hentry","category-ciudad-cultural","category-ultimas-noticias","post_format-post-format-image"],"_links":{"self":[{"href":"https:\/\/cultura.sma.gob.ar\/index.php?rest_route=\/wp\/v2\/posts\/4096","targetHints":{"allow":["GET"]}}],"collection":[{"href":"https:\/\/cultura.sma.gob.ar\/index.php?rest_route=\/wp\/v2\/posts"}],"about":[{"href":"https:\/\/cultura.sma.gob.ar\/index.php?rest_route=\/wp\/v2\/types\/post"}],"author":[{"embeddable":true,"href":"https:\/\/cultura.sma.gob.ar\/index.php?rest_route=\/wp\/v2\/users\/1"}],"replies":[{"embeddable":true,"href":"https:\/\/cultura.sma.gob.ar\/index.php?rest_route=%2Fwp%2Fv2%2Fcomments&post=4096"}],"version-history":[{"count":1,"href":"https:\/\/cultura.sma.gob.ar\/index.php?rest_route=\/wp\/v2\/posts\/4096\/revisions"}],"predecessor-version":[{"id":4098,"href":"https:\/\/cultura.sma.gob.ar\/index.php?rest_route=\/wp\/v2\/posts\/4096\/revisions\/4098"}],"wp:featuredmedia":[{"embeddable":true,"href":"https:\/\/cultura.sma.gob.ar\/index.php?rest_route=\/wp\/v2\/media\/297"}],"wp:attachment":[{"href":"https:\/\/cultura.sma.gob.ar\/index.php?rest_route=%2Fwp%2Fv2%2Fmedia&parent=4096"}],"wp:term":[{"taxonomy":"category","embeddable":true,"href":"https:\/\/cultura.sma.gob.ar\/index.php?rest_route=%2Fwp%2Fv2%2Fcategories&post=4096"},{"taxonomy":"post_tag","embeddable":true,"href":"https:\/\/cultura.sma.gob.ar\/index.php?rest_route=%2Fwp%2Fv2%2Ftags&post=4096"}],"curies":[{"name":"wp","href":"https:\/\/api.w.org\/{rel}","templated":true}]}}