{"id":4084,"date":"2022-10-07T17:32:02","date_gmt":"2022-10-07T20:32:02","guid":{"rendered":"http:\/\/cultura.sma.gob.ar\/?p=4084"},"modified":"2022-10-17T20:29:22","modified_gmt":"2022-10-17T23:29:22","slug":"zurcidxs-y-remendadxs-seminario-en-torno-a-textiles-y-performatividad","status":"publish","type":"post","link":"https:\/\/cultura.sma.gob.ar\/?p=4084","title":{"rendered":"Zurcidxs y Remendadxs: Seminario en torno a textiles y performatividad"},"content":{"rendered":"\n<figure class=\"wp-block-image size-large\"><img loading=\"lazy\" decoding=\"async\" width=\"1000\" height=\"1000\" src=\"http:\/\/cultura.sma.gob.ar\/wp-content\/uploads\/2022\/10\/2022.09.16_Zurcidxs-y-remendadxs_1200x1200-01.jpg\" alt=\"\" class=\"wp-image-4147\" srcset=\"https:\/\/cultura.sma.gob.ar\/wp-content\/uploads\/2022\/10\/2022.09.16_Zurcidxs-y-remendadxs_1200x1200-01.jpg 1000w, https:\/\/cultura.sma.gob.ar\/wp-content\/uploads\/2022\/10\/2022.09.16_Zurcidxs-y-remendadxs_1200x1200-01-300x300.jpg 300w, https:\/\/cultura.sma.gob.ar\/wp-content\/uploads\/2022\/10\/2022.09.16_Zurcidxs-y-remendadxs_1200x1200-01-150x150.jpg 150w, https:\/\/cultura.sma.gob.ar\/wp-content\/uploads\/2022\/10\/2022.09.16_Zurcidxs-y-remendadxs_1200x1200-01-768x768.jpg 768w, https:\/\/cultura.sma.gob.ar\/wp-content\/uploads\/2022\/10\/2022.09.16_Zurcidxs-y-remendadxs_1200x1200-01-90x90.jpg 90w\" sizes=\"auto, (max-width: 1000px) 100vw, 1000px\" \/><\/figure>\n\n\n\n<p>Zurcidxs y Remendadxs&nbsp;<br>Una experiencia de creaci\u00f3n colectiva<br>Seminario en torno a textiles y performatividad<br><br>Vivimos entre tejidos, de los que se componen nuestras vestimentas y \u00e1mbitos m\u00e1s pr\u00f3ximos. De un vistazo podemos apreciar que nuestra ropa y nuestras casas son espacios f\u00edsicos esencialmente texturados, y que por lo tanto el textil, cubriendo el cuerpo y su entorno, establece y amortigua nuestra relaci\u00f3n con el medio que habitamos.<br>\u00bfC\u00f3mo investigar\/crear desde las pr\u00e1cticas textiles gestos perform\u00e1ticos situados?<br>\u00bfCu\u00e1les son las redes, las tramas posibles de gestos, que nos permita construir un tejido social que nos abrigue a todes?<br>\u00bfQu\u00e9 gestos\/acciones podemos experimentar para poner en tensi\u00f3n una urdimbre social com\u00fan que permita la trama de subjetividades diversas, singulares y disidentes? Tejer acciones juntes, entramar potencias diferentes.<br>*<br>Organiza : @manta_residencia<br>Coordina Rodolfo Oss\u00e9s (C\u00f3rdoba)<br><\/p>\n\n\n\n<p>21, 22 y 23 de octubre en @espaciotrama.sma<br>Info&nbsp;<a rel=\"noreferrer noopener\" href=\"https:\/\/www.proyectomanta.com\/zurcidxs-y-remendadxs\/\" target=\"_blank\">https:\/\/www.proyectomanta.com\/zurcidxs-y-remendadxs\/<\/a><br><\/p>\n\n\n\n<p>Inscripciones a\u00a0<a rel=\"noreferrer noopener\" href=\"mailto:tallermanta@gmail.com\" target=\"_blank\">tallermanta@gmail.com<\/a>*BioRodolfo Oss\u00e9sArtista Esc\u00e9nico y visual. Desarrolla su trabajo desde el cuerpo y sus posibilidades de di\u00e1logo con diversos lenguajes y soportes art\u00edsticos, generando una trama interdisciplinar en constante retroalimentaci\u00f3n. Paralelamente a su trabajo individual, forma parte de diversos proyectos colectivos con los que profundiza la investigaci\u00f3n y producci\u00f3n en torno a la performance y el arte esc\u00e9nico. Estos proyectos son: Irreal Academia, Efimerodramas. Acciones hacia una escritura perform\u00e1tica, Proyecto TRIADA, Compa\u00f1\u00eda Taanteatro (San Pablo, Brasil), YUNTA CANARIA cuerpos vivos y sonidos libres y Compa\u00f1\u00eda La Comisura. Coordina los espacios de formaci\u00f3n \u201cMATE COSIDO- Arte textil y Performance\u201d y \u201cBRUMA \u2013 laboratorio de artes esc\u00e9nicas contempor\u00e1neas\u201d. Vive en C\u00f3rdoba, Argentina.<\/p>\n\n\n\n<figure class=\"wp-block-image size-large\"><img loading=\"lazy\" decoding=\"async\" width=\"1000\" height=\"1000\" src=\"http:\/\/cultura.sma.gob.ar\/wp-content\/uploads\/2022\/10\/2022.09.16_Zurcidxs-y-remendadxs_1200x1200-02.jpg\" alt=\"\" class=\"wp-image-4148\" srcset=\"https:\/\/cultura.sma.gob.ar\/wp-content\/uploads\/2022\/10\/2022.09.16_Zurcidxs-y-remendadxs_1200x1200-02.jpg 1000w, https:\/\/cultura.sma.gob.ar\/wp-content\/uploads\/2022\/10\/2022.09.16_Zurcidxs-y-remendadxs_1200x1200-02-300x300.jpg 300w, https:\/\/cultura.sma.gob.ar\/wp-content\/uploads\/2022\/10\/2022.09.16_Zurcidxs-y-remendadxs_1200x1200-02-150x150.jpg 150w, https:\/\/cultura.sma.gob.ar\/wp-content\/uploads\/2022\/10\/2022.09.16_Zurcidxs-y-remendadxs_1200x1200-02-768x768.jpg 768w, https:\/\/cultura.sma.gob.ar\/wp-content\/uploads\/2022\/10\/2022.09.16_Zurcidxs-y-remendadxs_1200x1200-02-90x90.jpg 90w\" sizes=\"auto, (max-width: 1000px) 100vw, 1000px\" \/><\/figure>\n","protected":false},"excerpt":{"rendered":"<p>Zurcidxs y Remendadxs&nbsp;Una experiencia de creaci\u00f3n colectivaSeminario en torno a textiles y performatividad Vivimos entre tejidos, de los que se componen nuestras vestimentas y \u00e1mbitos m\u00e1s pr\u00f3ximos. De un vistazo podemos apreciar que nuestra ropa y nuestras casas son espacios f\u00edsicos esencialmente texturados, y que por lo tanto el textil, cubriendo el cuerpo y su entorno, establece y amortigua nuestra relaci\u00f3n con el medio que &hellip; <a href=\"https:\/\/cultura.sma.gob.ar\/?p=4084\" class=\"more-link\">Continue reading <span class=\"screen-reader-text\">Zurcidxs y Remendadxs: Seminario en torno a textiles y performatividad<\/span><\/a><\/p>\n","protected":false},"author":1,"featured_media":297,"comment_status":"closed","ping_status":"","sticky":false,"template":"","format":"image","meta":{"footnotes":""},"categories":[2,9],"tags":[],"class_list":["post-4084","post","type-post","status-publish","format-image","has-post-thumbnail","hentry","category-ciudad-cultural","category-ultimas-noticias","post_format-post-format-image"],"_links":{"self":[{"href":"https:\/\/cultura.sma.gob.ar\/index.php?rest_route=\/wp\/v2\/posts\/4084","targetHints":{"allow":["GET"]}}],"collection":[{"href":"https:\/\/cultura.sma.gob.ar\/index.php?rest_route=\/wp\/v2\/posts"}],"about":[{"href":"https:\/\/cultura.sma.gob.ar\/index.php?rest_route=\/wp\/v2\/types\/post"}],"author":[{"embeddable":true,"href":"https:\/\/cultura.sma.gob.ar\/index.php?rest_route=\/wp\/v2\/users\/1"}],"replies":[{"embeddable":true,"href":"https:\/\/cultura.sma.gob.ar\/index.php?rest_route=%2Fwp%2Fv2%2Fcomments&post=4084"}],"version-history":[{"count":3,"href":"https:\/\/cultura.sma.gob.ar\/index.php?rest_route=\/wp\/v2\/posts\/4084\/revisions"}],"predecessor-version":[{"id":4149,"href":"https:\/\/cultura.sma.gob.ar\/index.php?rest_route=\/wp\/v2\/posts\/4084\/revisions\/4149"}],"wp:featuredmedia":[{"embeddable":true,"href":"https:\/\/cultura.sma.gob.ar\/index.php?rest_route=\/wp\/v2\/media\/297"}],"wp:attachment":[{"href":"https:\/\/cultura.sma.gob.ar\/index.php?rest_route=%2Fwp%2Fv2%2Fmedia&parent=4084"}],"wp:term":[{"taxonomy":"category","embeddable":true,"href":"https:\/\/cultura.sma.gob.ar\/index.php?rest_route=%2Fwp%2Fv2%2Fcategories&post=4084"},{"taxonomy":"post_tag","embeddable":true,"href":"https:\/\/cultura.sma.gob.ar\/index.php?rest_route=%2Fwp%2Fv2%2Ftags&post=4084"}],"curies":[{"name":"wp","href":"https:\/\/api.w.org\/{rel}","templated":true}]}}