{"id":407,"date":"2020-10-14T09:33:43","date_gmt":"2020-10-14T12:33:43","guid":{"rendered":"http:\/\/cultura.sma.gob.ar\/?p=407"},"modified":"2020-10-14T09:33:43","modified_gmt":"2020-10-14T12:33:43","slug":"rincon-literario-en-el-centro-cultural-cotesma","status":"publish","type":"post","link":"https:\/\/cultura.sma.gob.ar\/?p=407","title":{"rendered":"Rinc\u00f3n literario en el Centro Cultural Cotesma"},"content":{"rendered":"\n<figure class=\"wp-block-image size-large\"><img loading=\"lazy\" decoding=\"async\" width=\"800\" height=\"534\" src=\"http:\/\/cultura.sma.gob.ar\/wp-content\/uploads\/2020\/10\/Flyer-Rincon-Literario.jpg\" alt=\"\" class=\"wp-image-408\" srcset=\"https:\/\/cultura.sma.gob.ar\/wp-content\/uploads\/2020\/10\/Flyer-Rincon-Literario.jpg 800w, https:\/\/cultura.sma.gob.ar\/wp-content\/uploads\/2020\/10\/Flyer-Rincon-Literario-300x200.jpg 300w, https:\/\/cultura.sma.gob.ar\/wp-content\/uploads\/2020\/10\/Flyer-Rincon-Literario-768x513.jpg 768w, https:\/\/cultura.sma.gob.ar\/wp-content\/uploads\/2020\/10\/Flyer-Rincon-Literario-135x90.jpg 135w\" sizes=\"auto, (max-width: 800px) 100vw, 800px\" \/><\/figure>\n\n\n\n<p>Desde el Centro Cultural Cotesma invitamos a la comunidad Sanmartinense a ser parte de nuestra nueva propuesta. De cara a una nueva Edici\u00f3n de la Feria Regional del Libro y teniendo en cuenta que en tiempos de pandemia es importante mantenernos en casa, se nos ocurri\u00f3 realizar un \u201cRinc\u00f3n Literario\u201d para seguir acompa\u00f1\u00e1ndote. Animate a participar de este proyecto, donde podr\u00e1s donar los libros que tengas en desuso para compartir e intercambiar por alguno que haya dejado otra persona y que quieras leer.&nbsp;<\/p>\n\n\n\n<p>La idea principal es compartir aquello que alguna vez le\u00edste y que creas&nbsp;que ya es hora de que pueda pasar de mano para que lo disfrute otro lector y, a su vez, que vos encuentres eso que quiz\u00e1 buscabas, quer\u00edas o, simplemente, que te atrevas a descubrir las historias y aventuras ocultas en los libros que otros dejaron.<br>Los libros pueden considerarse como uno de nuestros mayores tesoros, y como tal, queremos que sean tratados. En ocasiones, sobre todo por cuestiones de espacio, decidimos que ha llegado la hora dedarles una&nbsp;segunda vida&nbsp;fuera de casa. Pensamos que no hay nada mejor que compartirlos para ser aprovechados y disfrutados por un gran n\u00famero de personas<\/p>\n\n\n\n<p>La lectura es una pr\u00e1ctica poderosa para generar emociones positivas que benefician enormemente a personas que pasan por situaciones delicadas. Ayudan al fortalecimiento del sistema inmunol\u00f3gico, reducci\u00f3n del estr\u00e9s, aumento de la motivaci\u00f3n, capacidad de resiliencia y de otorgar sentido a las circunstancias cambiantes, adversas y de enfermedad.&nbsp;<\/p>\n\n\n\n<p>Por todo eso, pensamos en este \u201cRinc\u00f3n Literario\u201d para todos en el Centro Cultural.<\/p>\n\n\n\n<p>&#8220;Trae tu libro y disfruta de otro que no tengas&#8221;. Te esperamos.<\/p>\n\n\n\n<p>*Para la tranquilidad de todos, los libros ser\u00e1n desinfectados y, una vez realizada la desinfecci\u00f3n, se pondr\u00e1n a disposici\u00f3n de quien lo desee. Tambi\u00e9n contaremos con un protocolo sanitario para poder acceder a ver cada libro donde se tendr\u00e1 un sector especial y se dejara pasar a una persona por vez con el uso de barbijo obligatorio y sanitiz\u00e1ndose previamente.&nbsp;<\/p>\n\n\n\n<p>Por consultas y dudas nos pueden contactar a trav\u00e9s de nuestras Redes Sociales en el Centro Cultural Cotesma (Gral. Roca N\u00b01154) de lunes a viernes de 10hs a 20hs.<\/p>\n","protected":false},"excerpt":{"rendered":"<p>Llev\u00e1 tu libro y disfrut\u00e1 de otro que no tengas <a href=\"https:\/\/cultura.sma.gob.ar\/?p=407\" class=\"more-link\">Continue reading <span class=\"screen-reader-text\">Rinc\u00f3n literario en el Centro Cultural Cotesma<\/span><\/a><\/p>\n","protected":false},"author":1,"featured_media":297,"comment_status":"closed","ping_status":"","sticky":false,"template":"","format":"image","meta":{"footnotes":""},"categories":[2,9],"tags":[],"class_list":["post-407","post","type-post","status-publish","format-image","has-post-thumbnail","hentry","category-ciudad-cultural","category-ultimas-noticias","post_format-post-format-image"],"_links":{"self":[{"href":"https:\/\/cultura.sma.gob.ar\/index.php?rest_route=\/wp\/v2\/posts\/407","targetHints":{"allow":["GET"]}}],"collection":[{"href":"https:\/\/cultura.sma.gob.ar\/index.php?rest_route=\/wp\/v2\/posts"}],"about":[{"href":"https:\/\/cultura.sma.gob.ar\/index.php?rest_route=\/wp\/v2\/types\/post"}],"author":[{"embeddable":true,"href":"https:\/\/cultura.sma.gob.ar\/index.php?rest_route=\/wp\/v2\/users\/1"}],"replies":[{"embeddable":true,"href":"https:\/\/cultura.sma.gob.ar\/index.php?rest_route=%2Fwp%2Fv2%2Fcomments&post=407"}],"version-history":[{"count":1,"href":"https:\/\/cultura.sma.gob.ar\/index.php?rest_route=\/wp\/v2\/posts\/407\/revisions"}],"predecessor-version":[{"id":409,"href":"https:\/\/cultura.sma.gob.ar\/index.php?rest_route=\/wp\/v2\/posts\/407\/revisions\/409"}],"wp:featuredmedia":[{"embeddable":true,"href":"https:\/\/cultura.sma.gob.ar\/index.php?rest_route=\/wp\/v2\/media\/297"}],"wp:attachment":[{"href":"https:\/\/cultura.sma.gob.ar\/index.php?rest_route=%2Fwp%2Fv2%2Fmedia&parent=407"}],"wp:term":[{"taxonomy":"category","embeddable":true,"href":"https:\/\/cultura.sma.gob.ar\/index.php?rest_route=%2Fwp%2Fv2%2Fcategories&post=407"},{"taxonomy":"post_tag","embeddable":true,"href":"https:\/\/cultura.sma.gob.ar\/index.php?rest_route=%2Fwp%2Fv2%2Ftags&post=407"}],"curies":[{"name":"wp","href":"https:\/\/api.w.org\/{rel}","templated":true}]}}