{"id":402,"date":"2020-10-13T09:50:34","date_gmt":"2020-10-13T12:50:34","guid":{"rendered":"http:\/\/cultura.sma.gob.ar\/?p=402"},"modified":"2020-10-13T09:50:34","modified_gmt":"2020-10-13T12:50:34","slug":"finalizo-el-festival-mucha-musica","status":"publish","type":"post","link":"https:\/\/cultura.sma.gob.ar\/?p=402","title":{"rendered":"Finaliz\u00f3 el festival Mucha M\u00fasica"},"content":{"rendered":"\n\n\n<p>Luego de 5 fines de semana estrenando espect\u00e1culos musicales de artistas locales, hoy cierra el evento Mucha M\u00fasica con la publicaci\u00f3n de todos los videos para el libre acceso y disfrute de la comunidad.\u00a0<\/p>\n\n\n\n<p>Durante el festival se estrenaron 10 shows musicales, que fueron previamente grabados en el Teatro San Jos\u00e9, para cumplir con el&nbsp; protocolo sanitario necesario. Estos videos tuvieron una excelente recepci\u00f3n del p\u00fablico, acumulando m\u00e1s de 2900 visitas, generando r\u00e9plicas y comentarios excelentes.&nbsp;<\/p>\n\n\n\n<p>Agradecemos a los artistas que se sumaron a esta propuesta, no solo por su trabajo y predisposici\u00f3n, sino tambi\u00e9n por llenarnos septiembre de tan buena m\u00fasica.&nbsp;<\/p>\n\n\n\n<p>Esperamos seguir trabajando junto a ustedes en la promoci\u00f3n del arte local porque sabemos que la\u00a0 cultura nos une.\u00a0<\/p>\n\n\n\n<figure class=\"wp-block-embed-youtube wp-block-embed is-type-video is-provider-youtube wp-embed-aspect-16-9 wp-has-aspect-ratio\"><div class=\"wp-block-embed__wrapper\">\n<iframe loading=\"lazy\" title=\"Mucha M\u00fasica Festival\" width=\"720\" height=\"405\" src=\"https:\/\/www.youtube.com\/embed\/videoseries?list=PLAWSr_fteUxwhyRd8hd2T8Om46MnhajSU\" frameborder=\"0\" allow=\"accelerometer; autoplay; clipboard-write; encrypted-media; gyroscope; picture-in-picture\" allowfullscreen><\/iframe>\n<\/div><\/figure>\n","protected":false},"excerpt":{"rendered":"<p>Todos los shows disponibles en YouTube <a href=\"https:\/\/cultura.sma.gob.ar\/?p=402\" class=\"more-link\">Continue reading <span class=\"screen-reader-text\">Finaliz\u00f3 el festival Mucha M\u00fasica<\/span><\/a><\/p>\n","protected":false},"author":1,"featured_media":296,"comment_status":"closed","ping_status":"","sticky":false,"template":"","format":"image","meta":{"footnotes":""},"categories":[3,9],"tags":[],"class_list":["post-402","post","type-post","status-publish","format-image","has-post-thumbnail","hentry","category-eventos-cultura","category-ultimas-noticias","post_format-post-format-image"],"_links":{"self":[{"href":"https:\/\/cultura.sma.gob.ar\/index.php?rest_route=\/wp\/v2\/posts\/402","targetHints":{"allow":["GET"]}}],"collection":[{"href":"https:\/\/cultura.sma.gob.ar\/index.php?rest_route=\/wp\/v2\/posts"}],"about":[{"href":"https:\/\/cultura.sma.gob.ar\/index.php?rest_route=\/wp\/v2\/types\/post"}],"author":[{"embeddable":true,"href":"https:\/\/cultura.sma.gob.ar\/index.php?rest_route=\/wp\/v2\/users\/1"}],"replies":[{"embeddable":true,"href":"https:\/\/cultura.sma.gob.ar\/index.php?rest_route=%2Fwp%2Fv2%2Fcomments&post=402"}],"version-history":[{"count":1,"href":"https:\/\/cultura.sma.gob.ar\/index.php?rest_route=\/wp\/v2\/posts\/402\/revisions"}],"predecessor-version":[{"id":403,"href":"https:\/\/cultura.sma.gob.ar\/index.php?rest_route=\/wp\/v2\/posts\/402\/revisions\/403"}],"wp:featuredmedia":[{"embeddable":true,"href":"https:\/\/cultura.sma.gob.ar\/index.php?rest_route=\/wp\/v2\/media\/296"}],"wp:attachment":[{"href":"https:\/\/cultura.sma.gob.ar\/index.php?rest_route=%2Fwp%2Fv2%2Fmedia&parent=402"}],"wp:term":[{"taxonomy":"category","embeddable":true,"href":"https:\/\/cultura.sma.gob.ar\/index.php?rest_route=%2Fwp%2Fv2%2Fcategories&post=402"},{"taxonomy":"post_tag","embeddable":true,"href":"https:\/\/cultura.sma.gob.ar\/index.php?rest_route=%2Fwp%2Fv2%2Ftags&post=402"}],"curies":[{"name":"wp","href":"https:\/\/api.w.org\/{rel}","templated":true}]}}