{"id":3975,"date":"2022-10-03T18:32:39","date_gmt":"2022-10-03T21:32:39","guid":{"rendered":"http:\/\/cultura.sma.gob.ar\/?p=3975"},"modified":"2022-10-27T20:01:56","modified_gmt":"2022-10-27T23:01:56","slug":"16o-feria-regional-del-libro-muestra-paisaje-interior-de-pablo-bernasconi","status":"publish","type":"post","link":"https:\/\/cultura.sma.gob.ar\/?p=3975","title":{"rendered":"16\u00ba Feria Regional del Libro: Muestra &#8221;Paisaje Interior&#8221;, de Pablo Bernasconi (Finalizada)"},"content":{"rendered":"\n<figure class=\"wp-block-image size-large\"><img loading=\"lazy\" decoding=\"async\" width=\"1024\" height=\"1024\" src=\"http:\/\/cultura.sma.gob.ar\/wp-content\/uploads\/2022\/10\/IMG-20221003-WA0082-1024x1024.jpg\" alt=\"\" class=\"wp-image-3996\" srcset=\"https:\/\/cultura.sma.gob.ar\/wp-content\/uploads\/2022\/10\/IMG-20221003-WA0082-1024x1024.jpg 1024w, https:\/\/cultura.sma.gob.ar\/wp-content\/uploads\/2022\/10\/IMG-20221003-WA0082-300x300.jpg 300w, https:\/\/cultura.sma.gob.ar\/wp-content\/uploads\/2022\/10\/IMG-20221003-WA0082-150x150.jpg 150w, https:\/\/cultura.sma.gob.ar\/wp-content\/uploads\/2022\/10\/IMG-20221003-WA0082-768x768.jpg 768w, https:\/\/cultura.sma.gob.ar\/wp-content\/uploads\/2022\/10\/IMG-20221003-WA0082-1536x1536.jpg 1536w, https:\/\/cultura.sma.gob.ar\/wp-content\/uploads\/2022\/10\/IMG-20221003-WA0082-90x90.jpg 90w, https:\/\/cultura.sma.gob.ar\/wp-content\/uploads\/2022\/10\/IMG-20221003-WA0082.jpg 1600w\" sizes=\"auto, (max-width: 1024px) 100vw, 1024px\" \/><\/figure>\n\n\n\n<p>&#8221;Paisaje interior&#8221; es una serie de ilustraciones que gira entorno a la poes\u00eda y m\u00fasica de Leonard Cohen. Las obras de Bernasconi ahondan y transitan por la poes\u00eda del m\u00fasico ampliando sus sentidos y fusionando los l\u00edmites entre verso e imagen otorg\u00e1ndonos la experiencia de arribar a un territorio tanto delicado como profundo al mismo tiempo.<\/p>\n\n\n\n<p>Pablo Bernasconi (Buenos Aires, 1973) es dise\u00f1ador gr\u00e1fico, ilustrador, autor integral y creador visual. Tiene publicados m\u00e1s de 30 libros como autor integral. Ha hecho exhibiciones individuales y grupales de su obra en Argentina, Chile, Brasil, Bolivia, Colombia, Estados Unidos, Eslovaquia, Italia e Inglaterra. Recibi\u00f3 importantes premios: Los Destacados de ALIJA en varias ocasiones, y el reconocimiento de ser finalista en el Premio Hans Christian Andersen (IBBY) en 2018 y el candidato al ALMA (Astrid Lindgren Award) en 2021 y 2022. Su obra ha sido traducida a diez idiomas. En el a\u00f1o 2020 abri\u00f3 \u00a8La Rid\u00edcula Idea\u00a8 su galer\u00eda de arte en Bariloche, ciudad donde reside.<\/p>\n\n\n\n<p>La exposici\u00f3n podr\u00e1 ser visitada hasta el 26 de octubre, de lunes a viernes de 10 a 12 y de 16 a 20 hs.) Drury 665, entrada abierta y gratuita.<\/p>\n","protected":false},"excerpt":{"rendered":"<p>&#8221;Paisaje interior&#8221; es una serie de ilustraciones que gira entorno a la poes\u00eda y m\u00fasica de Leonard Cohen. Las obras de Bernasconi ahondan y transitan por la poes\u00eda del m\u00fasico ampliando sus sentidos y fusionando los l\u00edmites entre verso e imagen otorg\u00e1ndonos la experiencia de arribar a un territorio tanto delicado como profundo al mismo tiempo. Pablo Bernasconi (Buenos Aires, 1973) es dise\u00f1ador gr\u00e1fico, ilustrador, &hellip; <a href=\"https:\/\/cultura.sma.gob.ar\/?p=3975\" class=\"more-link\">Continue reading <span class=\"screen-reader-text\">16\u00ba Feria Regional del Libro: Muestra &#8221;Paisaje Interior&#8221;, de Pablo Bernasconi (Finalizada)<\/span><\/a><\/p>\n","protected":false},"author":1,"featured_media":293,"comment_status":"closed","ping_status":"","sticky":false,"template":"","format":"image","meta":{"footnotes":""},"categories":[3,6,9],"tags":[],"class_list":["post-3975","post","type-post","status-publish","format-image","has-post-thumbnail","hentry","category-eventos-cultura","category-sala-lidaura-chapitel","category-ultimas-noticias","post_format-post-format-image"],"_links":{"self":[{"href":"https:\/\/cultura.sma.gob.ar\/index.php?rest_route=\/wp\/v2\/posts\/3975","targetHints":{"allow":["GET"]}}],"collection":[{"href":"https:\/\/cultura.sma.gob.ar\/index.php?rest_route=\/wp\/v2\/posts"}],"about":[{"href":"https:\/\/cultura.sma.gob.ar\/index.php?rest_route=\/wp\/v2\/types\/post"}],"author":[{"embeddable":true,"href":"https:\/\/cultura.sma.gob.ar\/index.php?rest_route=\/wp\/v2\/users\/1"}],"replies":[{"embeddable":true,"href":"https:\/\/cultura.sma.gob.ar\/index.php?rest_route=%2Fwp%2Fv2%2Fcomments&post=3975"}],"version-history":[{"count":4,"href":"https:\/\/cultura.sma.gob.ar\/index.php?rest_route=\/wp\/v2\/posts\/3975\/revisions"}],"predecessor-version":[{"id":4199,"href":"https:\/\/cultura.sma.gob.ar\/index.php?rest_route=\/wp\/v2\/posts\/3975\/revisions\/4199"}],"wp:featuredmedia":[{"embeddable":true,"href":"https:\/\/cultura.sma.gob.ar\/index.php?rest_route=\/wp\/v2\/media\/293"}],"wp:attachment":[{"href":"https:\/\/cultura.sma.gob.ar\/index.php?rest_route=%2Fwp%2Fv2%2Fmedia&parent=3975"}],"wp:term":[{"taxonomy":"category","embeddable":true,"href":"https:\/\/cultura.sma.gob.ar\/index.php?rest_route=%2Fwp%2Fv2%2Fcategories&post=3975"},{"taxonomy":"post_tag","embeddable":true,"href":"https:\/\/cultura.sma.gob.ar\/index.php?rest_route=%2Fwp%2Fv2%2Ftags&post=3975"}],"curies":[{"name":"wp","href":"https:\/\/api.w.org\/{rel}","templated":true}]}}